{"id":19491,"date":"2017-03-10T01:47:42","date_gmt":"2017-03-10T06:47:42","guid":{"rendered":"http:\/\/www.revistazetta.com\/?p=19491"},"modified":"2017-03-10T01:53:56","modified_gmt":"2017-03-10T06:53:56","slug":"fructifera-visita-manolo-miami","status":"publish","type":"post","link":"https:\/\/revistazetta.com\/?p=19491","title":{"rendered":"Fruct\u00edfera gesti\u00f3n de Manolo en Miami"},"content":{"rendered":"<p><img loading=\"lazy\" decoding=\"async\" class=\"alignright size-medium wp-image-19444\" src=\"https:\/\/www.revistazetta.com\/wp-content\/uploads\/2017\/03\/miami-300x188.jpg\" alt=\"miami\" width=\"300\" height=\"188\" srcset=\"https:\/\/revistazetta.com\/wp-content\/uploads\/2017\/03\/miami-300x188.jpg 300w, https:\/\/revistazetta.com\/wp-content\/uploads\/2017\/03\/miami-234x146.jpg 234w, https:\/\/revistazetta.com\/wp-content\/uploads\/2017\/03\/miami-50x31.jpg 50w, https:\/\/revistazetta.com\/wp-content\/uploads\/2017\/03\/miami-120x75.jpg 120w, https:\/\/revistazetta.com\/wp-content\/uploads\/2017\/03\/miami.jpg 800w\" sizes=\"auto, (max-width: 300px) 100vw, 300px\" \/>La visita de trabajo del mandatario de los cartageneros, Manolo Duque, en Miami tiene importantes avances para la ciudad, y tambi\u00e9n reconocimientos para este l\u00edder.<\/p>\n<p>La agenda de este jueves 9 de marzo se inici\u00f3 con un acto en la Alcald\u00eda de Miami donde el alcalde Tomas Regalado entreg\u00f3 las llaves de su ciudad a Manolo Duque.<\/p>\n<p>\u201cTodo el agradecimiento y compromiso con este gesto por parte del Alcalde de la ciudad de Miami\u201d, destac\u00f3 el l\u00edder cartagenero Manolo Duque.<\/p>\n<p>En el encuentro los mandatarios charlaron de diferentes tem\u00e1ticas de ciudad y lograron comprometer esfuerzos para apoyar en los proyectos de Cartagena, entre esos el tema de las marinas.<\/p>\n<p>El alcalde de Miami confirm\u00f3 su visita a Cartagena en junio pr\u00f3ximo. Anunci\u00f3 que vendr\u00e1 acompa\u00f1ado de expertos en temas de marinas y con ellos se realizar\u00e1 un foro para intercambiar experiencias en beneficios de la ciudad. En esta visita se buscar\u00e1 concretar la firma del convenio de cooperaci\u00f3n sobre el tema de marinas, inversi\u00f3n, marketing de ciudad y cambio clim\u00e1tico.<\/p>\n<p>El alcalde Manolo Duque manifest\u00f3 en la reuni\u00f3n la necesidad de reforzar a Cartagena como principal destino tur\u00edstico del pa\u00eds, asimismo con la Alcald\u00eda de Miami se puso en la mesa la problem\u00e1tica del cambio clim\u00e1tico, principalmente las inundaciones que aquejan a ambas ciudades.<\/p>\n<p><img loading=\"lazy\" decoding=\"async\" class=\"alignright size-medium wp-image-19440\" src=\"https:\/\/www.revistazetta.com\/wp-content\/uploads\/2017\/03\/Miami-1-300x188.jpg\" alt=\"Miami 1\" width=\"300\" height=\"188\" srcset=\"https:\/\/revistazetta.com\/wp-content\/uploads\/2017\/03\/Miami-1-300x188.jpg 300w, https:\/\/revistazetta.com\/wp-content\/uploads\/2017\/03\/Miami-1-234x146.jpg 234w, https:\/\/revistazetta.com\/wp-content\/uploads\/2017\/03\/Miami-1-50x31.jpg 50w, https:\/\/revistazetta.com\/wp-content\/uploads\/2017\/03\/Miami-1-120x75.jpg 120w, https:\/\/revistazetta.com\/wp-content\/uploads\/2017\/03\/Miami-1.jpg 800w\" sizes=\"auto, (max-width: 300px) 100vw, 300px\" \/>\u201cNo todo est\u00e1 dicho sobre nuestra ciudad, es necesario crear nuevos espacios de cooperaci\u00f3n que refuercen la imagen internacional de Cartagena. Esta alianza abre las puertas para que m\u00e1s cartageneros,\u00a0colombianos que residen en el exterior y extranjeros vengan a Cartagena y disfruten de nuestra Fiesta de Independencia\u201d, precis\u00f3 el mandatario.<\/p>\n<p>El alcalde Tomas Regalado\u00a0socializ\u00f3 el trabajo realizado con la Polic\u00eda en Miami donde se preparan y forman agentes sobre diversidad y desescalar conflictos. Estos son identificados como nuevos espacios para cooperaci\u00f3n t\u00e9cnica.<\/p>\n<p>Luego del encuentro con el hom\u00f3logo de Miami, el alcalde Duque logr\u00f3 una alianza entre la aerol\u00ednea Spirit y el Distrito de Cartagena de Indias para promover m\u00e1s visitas a la Fiestas de la Independencia de la ciudad.<\/p>\n<p>La agenda continu\u00f3 en la noche del jueves en la Universidad UAC, School Global Management,\u00a0donde el alcalde Manolo convers\u00f3 con los cartageneros que se encuentran en esta ciudad para darles a conocer los proyectos que se adelantan en el Corralito de Piedra, adem\u00e1s de escuchar a sus coterr\u00e1neos.<\/p>\n","protected":false},"excerpt":{"rendered":"<p>La visita de trabajo del mandatario de los cartageneros, Manolo Duque, en Miami tiene importantes avances para la ciudad, y tambi\u00e9n reconocimientos para este l\u00edder. La agenda de este jueves 9 de marzo se inici\u00f3 con un acto en la Alcald\u00eda de Miami donde el alcalde Tomas Regalado entreg\u00f3 las llaves de su ciudad a Manolo Duque. \u201cTodo el agradecimiento y compromiso con este gesto por parte del Alcalde de la ciudad de Miami\u201d, destac\u00f3 el l\u00edder cartagenero Manolo Duque. En el encuentro los mandatarios charlaron de diferentes tem\u00e1ticas de&#8230; <\/p>\n","protected":false},"author":3,"featured_media":19492,"comment_status":"open","ping_status":"closed","sticky":false,"template":"","format":"standard","meta":{"footnotes":"","_links_to":"","_links_to_target":""},"categories":[75,32],"tags":[],"class_list":["post-19491","post","type-post","status-publish","format-standard","has-post-thumbnail","hentry","category-destacada","category-actualidad-distrito"],"_links":{"self":[{"href":"https:\/\/revistazetta.com\/index.php?rest_route=\/wp\/v2\/posts\/19491","targetHints":{"allow":["GET"]}}],"collection":[{"href":"https:\/\/revistazetta.com\/index.php?rest_route=\/wp\/v2\/posts"}],"about":[{"href":"https:\/\/revistazetta.com\/index.php?rest_route=\/wp\/v2\/types\/post"}],"author":[{"embeddable":true,"href":"https:\/\/revistazetta.com\/index.php?rest_route=\/wp\/v2\/users\/3"}],"replies":[{"embeddable":true,"href":"https:\/\/revistazetta.com\/index.php?rest_route=%2Fwp%2Fv2%2Fcomments&post=19491"}],"version-history":[{"count":0,"href":"https:\/\/revistazetta.com\/index.php?rest_route=\/wp\/v2\/posts\/19491\/revisions"}],"wp:featuredmedia":[{"embeddable":true,"href":"https:\/\/revistazetta.com\/index.php?rest_route=\/wp\/v2\/media\/19492"}],"wp:attachment":[{"href":"https:\/\/revistazetta.com\/index.php?rest_route=%2Fwp%2Fv2%2Fmedia&parent=19491"}],"wp:term":[{"taxonomy":"category","embeddable":true,"href":"https:\/\/revistazetta.com\/index.php?rest_route=%2Fwp%2Fv2%2Fcategories&post=19491"},{"taxonomy":"post_tag","embeddable":true,"href":"https:\/\/revistazetta.com\/index.php?rest_route=%2Fwp%2Fv2%2Ftags&post=19491"}],"curies":[{"name":"wp","href":"https:\/\/api.w.org\/{rel}","templated":true}]}}