{"id":19497,"date":"2017-03-10T08:43:31","date_gmt":"2017-03-10T13:43:31","guid":{"rendered":"http:\/\/www.revistazetta.com\/?p=19497"},"modified":"2017-03-10T08:43:31","modified_gmt":"2017-03-10T13:43:31","slug":"gobierno-interviene-comfacor","status":"publish","type":"post","link":"https:\/\/revistazetta.com\/?p=19497","title":{"rendered":"Gobierno interviene a Comfacor"},"content":{"rendered":"<p>Mediante Resoluci\u00f3n 0129 del\u00a0<strong>7 de marzo de 2017<\/strong>, la Superintendencia del Subsidio Familiar, orden\u00f3 como medida cautelar la\u00a0<strong>INTERVENCION ADMINISTRATIVA TOTAL<\/strong>\u00a0de la Caja de Compensaci\u00f3n Familiar de C\u00f3rdoba,\u00a0<strong>COMFACOR,\u00a0<\/strong>debido a las p\u00e9rdidas patrimoniales ocasionadas por los resultados del programa de salud, y que al corte al 31 de diciembre de 2016 asciende a la suma de $266.251 millones de pesos.<\/p>\n<p>En Bol\u00edvar, Comfacor tiene oficinas en Cartagena y Magangu\u00e9.<\/p>\n<p>Teniendo en cuenta que la grave situaci\u00f3n financiera de\u00a0<strong>COMFACOR<\/strong>\u00a0obedece a las p\u00e9rdidas acumuladas del\u00a0<strong>programa de salud<\/strong>, evidenciadas desde el 2015, esta Superintendencia inform\u00f3 mediante los oficios radicados:\u00a0<strong>2-2016-019309 y 2-2017-002848<\/strong>\u00a0del 20 de diciembre de 2016 y 2 de marzo de 2017, respectivamente, a la\u00a0<strong>Superintendencia de Salud\u00a0<\/strong>para lo de su competencia. Esta medida fue adoptada con el firme prop\u00f3sito de\u00a0<strong>salvar el patrimonio de los trabajadores<\/strong>\u00a0del departamento de C\u00f3rdoba<\/p>\n<p>El an\u00e1lisis realizado desde el 2015 al interior de COMFACOR demuestra el grave deterioro en que se encuentra la Caja de Compensaci\u00f3n Familiar de C\u00f3rdoba, constituy\u00e9ndose en un riesgo para el Sistema del Subsidio Familiar. Cabe destacar que en tan s\u00f3lo una vigencia, las\u00a0<strong>p\u00e9rdidas pasaron de $40.608 mi<\/strong>llones al cierre del 2015 a un incremento negativo de $<strong>210.572 millones<\/strong>\u00a0de pesos al cierre del 2016, es importante se\u00f1alar que el factor determinante\u00a0fueron las recurrentes p\u00e9rdidas del programa de salud.<\/p>\n<p>Esta medida de INTERVENCION ADMINISTRATIVA TOTAL,\u00a0<strong>separa de sus cargos<\/strong>\u00a0a\u00a0<strong>los miembros del Consejo Directivo\u00a0<\/strong>de la Caja de Compensaci\u00f3n Familiar de C\u00f3rdoba, COMFACOR, y al\u00a0<strong>Director Administrativo\u00a0<\/strong>de dicha entidad,\u00a0<strong>Luis Alfonso Hoyos Cartagena.\u00a0<\/strong>Contra esta medida cabe recurso de reposici\u00f3n ante la Superintendencia del Subsidio Familiar.<\/p>\n","protected":false},"excerpt":{"rendered":"<p>Mediante Resoluci\u00f3n 0129 del\u00a07 de marzo de 2017, la Superintendencia del Subsidio Familiar, orden\u00f3 como medida cautelar la\u00a0INTERVENCION ADMINISTRATIVA TOTAL\u00a0de la Caja de Compensaci\u00f3n Familiar de C\u00f3rdoba,\u00a0COMFACOR,\u00a0debido a las p\u00e9rdidas patrimoniales ocasionadas por los resultados del programa de salud, y que al corte al 31 de diciembre de 2016 asciende a la suma de $266.251 millones de pesos. En Bol\u00edvar, Comfacor tiene oficinas en Cartagena y Magangu\u00e9. Teniendo en cuenta que la grave situaci\u00f3n financiera de\u00a0COMFACOR\u00a0obedece a las p\u00e9rdidas acumuladas del\u00a0programa de salud, evidenciadas desde el 2015, esta Superintendencia inform\u00f3&#8230; <\/p>\n","protected":false},"author":3,"featured_media":19498,"comment_status":"open","ping_status":"closed","sticky":false,"template":"","format":"standard","meta":{"footnotes":"","_links_to":"","_links_to_target":""},"categories":[2],"tags":[],"class_list":["post-19497","post","type-post","status-publish","format-standard","has-post-thumbnail","hentry","category-actualidad"],"_links":{"self":[{"href":"https:\/\/revistazetta.com\/index.php?rest_route=\/wp\/v2\/posts\/19497","targetHints":{"allow":["GET"]}}],"collection":[{"href":"https:\/\/revistazetta.com\/index.php?rest_route=\/wp\/v2\/posts"}],"about":[{"href":"https:\/\/revistazetta.com\/index.php?rest_route=\/wp\/v2\/types\/post"}],"author":[{"embeddable":true,"href":"https:\/\/revistazetta.com\/index.php?rest_route=\/wp\/v2\/users\/3"}],"replies":[{"embeddable":true,"href":"https:\/\/revistazetta.com\/index.php?rest_route=%2Fwp%2Fv2%2Fcomments&post=19497"}],"version-history":[{"count":0,"href":"https:\/\/revistazetta.com\/index.php?rest_route=\/wp\/v2\/posts\/19497\/revisions"}],"wp:featuredmedia":[{"embeddable":true,"href":"https:\/\/revistazetta.com\/index.php?rest_route=\/wp\/v2\/media\/19498"}],"wp:attachment":[{"href":"https:\/\/revistazetta.com\/index.php?rest_route=%2Fwp%2Fv2%2Fmedia&parent=19497"}],"wp:term":[{"taxonomy":"category","embeddable":true,"href":"https:\/\/revistazetta.com\/index.php?rest_route=%2Fwp%2Fv2%2Fcategories&post=19497"},{"taxonomy":"post_tag","embeddable":true,"href":"https:\/\/revistazetta.com\/index.php?rest_route=%2Fwp%2Fv2%2Ftags&post=19497"}],"curies":[{"name":"wp","href":"https:\/\/api.w.org\/{rel}","templated":true}]}}