{"id":19499,"date":"2017-03-10T11:27:12","date_gmt":"2017-03-10T16:27:12","guid":{"rendered":"http:\/\/www.revistazetta.com\/?p=19499"},"modified":"2017-03-10T11:27:12","modified_gmt":"2017-03-10T16:27:12","slug":"papa-bendecira-virgen-la-bahia-presidira-masiva-eucaristia-cartagena","status":"publish","type":"post","link":"https:\/\/revistazetta.com\/?p=19499","title":{"rendered":"El Papa bendecir\u00e1 Virgen de la Bah\u00eda y presidir\u00e1 masiva eucarist\u00eda en Cartagena"},"content":{"rendered":"<p>Monse\u00f1or Jorge Enrique Jim\u00e9nez, arzobispo de Cartagena, inform\u00f3 que el Papa Francisco llegar\u00e1 a la ciudad en la ma\u00f1ana del 10 de septiembre y partir\u00e1 desde aqu\u00ed hacia Roma sobre las 6 de la tarde, para concluir la visita de cuatro d\u00edas a Colombia.<br \/>\nEn Cartagena bendecir\u00e1 la Virgen de la Bah\u00eda, pero no precis\u00f3 si habr\u00e1 recorrido n\u00e1utico. Tambi\u00e9n habr\u00e1 una eucarist\u00eda a la que se espera asistan miles de feligreses en un lugar a\u00fan por determinar.<br \/>\nTanto el alcalde Manolo Duque como el gobernador Dumek Turbay ya conoc\u00edan de la visita y ofrecieron todo su respaldo.<br \/>\nMonse\u00f1or Jim\u00e9nez dijo que la figura de San Pedro Claver, los Derechos Humanos, la desigualdad social y lo que representa Cartagena de Indias para los afro descendientes, fueron decisivos a la hora de escoger nuestra ciudad como destino pastoral de esta visita.<\/p>\n<hr \/>\n<p><img loading=\"lazy\" decoding=\"async\" class=\"alignright size-medium wp-image-19501\" src=\"https:\/\/www.revistazetta.com\/wp-content\/uploads\/2017\/03\/IMG_3639-239x300.jpg\" alt=\"IMG_3639\" width=\"239\" height=\"300\" srcset=\"https:\/\/revistazetta.com\/wp-content\/uploads\/2017\/03\/IMG_3639-239x300.jpg 239w, https:\/\/revistazetta.com\/wp-content\/uploads\/2017\/03\/IMG_3639-116x146.jpg 116w, https:\/\/revistazetta.com\/wp-content\/uploads\/2017\/03\/IMG_3639-40x50.jpg 40w, https:\/\/revistazetta.com\/wp-content\/uploads\/2017\/03\/IMG_3639-60x75.jpg 60w, https:\/\/revistazetta.com\/wp-content\/uploads\/2017\/03\/IMG_3639.jpg 791w\" sizes=\"auto, (max-width: 239px) 100vw, 239px\" \/> <img loading=\"lazy\" decoding=\"async\" class=\"alignright size-medium wp-image-19502\" src=\"https:\/\/www.revistazetta.com\/wp-content\/uploads\/2017\/03\/IMG_3646-300x200.jpg\" alt=\"IMG_3646\" width=\"300\" height=\"200\" srcset=\"https:\/\/revistazetta.com\/wp-content\/uploads\/2017\/03\/IMG_3646-300x200.jpg 300w, https:\/\/revistazetta.com\/wp-content\/uploads\/2017\/03\/IMG_3646-1024x683.jpg 1024w, https:\/\/revistazetta.com\/wp-content\/uploads\/2017\/03\/IMG_3646-219x146.jpg 219w, https:\/\/revistazetta.com\/wp-content\/uploads\/2017\/03\/IMG_3646-50x33.jpg 50w, https:\/\/revistazetta.com\/wp-content\/uploads\/2017\/03\/IMG_3646-112x75.jpg 112w, https:\/\/revistazetta.com\/wp-content\/uploads\/2017\/03\/IMG_3646.jpg 1426w\" sizes=\"auto, (max-width: 300px) 100vw, 300px\" \/><\/p>\n","protected":false},"excerpt":{"rendered":"<p>Monse\u00f1or Jorge Enrique Jim\u00e9nez, arzobispo de Cartagena, inform\u00f3 que el Papa Francisco llegar\u00e1 a la ciudad en la ma\u00f1ana del 10 de septiembre y partir\u00e1 desde aqu\u00ed hacia Roma sobre las 6 de la tarde, para concluir la visita de cuatro d\u00edas a Colombia. En Cartagena bendecir\u00e1 la Virgen de la Bah\u00eda, pero no precis\u00f3 si habr\u00e1 recorrido n\u00e1utico. Tambi\u00e9n habr\u00e1 una eucarist\u00eda a la que se espera asistan miles de feligreses en un lugar a\u00fan por determinar. Tanto el alcalde Manolo Duque como el gobernador Dumek Turbay ya conoc\u00edan&#8230; <\/p>\n","protected":false},"author":3,"featured_media":19500,"comment_status":"open","ping_status":"closed","sticky":false,"template":"","format":"standard","meta":{"footnotes":"","_links_to":"","_links_to_target":""},"categories":[3,75],"tags":[],"class_list":["post-19499","post","type-post","status-publish","format-standard","has-post-thumbnail","hentry","category-ciudad","category-destacada"],"_links":{"self":[{"href":"https:\/\/revistazetta.com\/index.php?rest_route=\/wp\/v2\/posts\/19499","targetHints":{"allow":["GET"]}}],"collection":[{"href":"https:\/\/revistazetta.com\/index.php?rest_route=\/wp\/v2\/posts"}],"about":[{"href":"https:\/\/revistazetta.com\/index.php?rest_route=\/wp\/v2\/types\/post"}],"author":[{"embeddable":true,"href":"https:\/\/revistazetta.com\/index.php?rest_route=\/wp\/v2\/users\/3"}],"replies":[{"embeddable":true,"href":"https:\/\/revistazetta.com\/index.php?rest_route=%2Fwp%2Fv2%2Fcomments&post=19499"}],"version-history":[{"count":0,"href":"https:\/\/revistazetta.com\/index.php?rest_route=\/wp\/v2\/posts\/19499\/revisions"}],"wp:featuredmedia":[{"embeddable":true,"href":"https:\/\/revistazetta.com\/index.php?rest_route=\/wp\/v2\/media\/19500"}],"wp:attachment":[{"href":"https:\/\/revistazetta.com\/index.php?rest_route=%2Fwp%2Fv2%2Fmedia&parent=19499"}],"wp:term":[{"taxonomy":"category","embeddable":true,"href":"https:\/\/revistazetta.com\/index.php?rest_route=%2Fwp%2Fv2%2Fcategories&post=19499"},{"taxonomy":"post_tag","embeddable":true,"href":"https:\/\/revistazetta.com\/index.php?rest_route=%2Fwp%2Fv2%2Ftags&post=19499"}],"curies":[{"name":"wp","href":"https:\/\/api.w.org\/{rel}","templated":true}]}}