{"id":19596,"date":"2017-03-15T06:38:22","date_gmt":"2017-03-15T11:38:22","guid":{"rendered":"http:\/\/www.revistazetta.com\/?p=19596"},"modified":"2017-03-15T06:38:22","modified_gmt":"2017-03-15T11:38:22","slug":"estas-las-razones-oficiales-liquidar-electricaribe","status":"publish","type":"post","link":"https:\/\/revistazetta.com\/?p=19596","title":{"rendered":"Estas son las razones oficiales para liquidar a Electricaribe"},"content":{"rendered":"<p>\uf0d8 <strong><em>La Superintendencia de Servicios P\u00fablicos Domiciliarios ha ordenado la liquidaci\u00f3n de ELECTRICARIBE, debido a que la compa\u00f1\u00eda no est\u00e1 en condiciones de prestar el servicio de energ\u00eda con la calidad y continuidad que se requieren.<\/em><\/strong><\/p>\n<p>\uf0d8 <strong><em>La Superintendencia ha dispuesto comenzar inmediatamente con las labores necesarias para encontrar un operador que asuma la prestaci\u00f3n del servicio de energ\u00eda en la Costa Caribe.<\/em><\/strong><\/p>\n<p>\uf0d8 <strong><em>Mientras se surten esos tr\u00e1mites, ELECTRICARIBE continuar\u00e1 prestando el servicio de energ\u00eda en el mercado de la costa, bajo la administraci\u00f3n temporal del agente especial designado por la Superintendencia<\/em><\/strong><\/p>\n<p>&nbsp;<\/p>\n<p>&nbsp;<\/p>\n<p><strong>Bogot\u00e1 D.C., 14 de marzo de 2017<\/strong>. Luego de cumplirse los cuatro meses de intervenci\u00f3n de la sociedad ELECTRIFICADORA DEL CARIBE (ELECTRICARIBE) S.A. E.S.P., el Superintendente de Servicios P\u00fablicos Domiciliarios, <a href=\"https:\/\/twitter.com\/JMMendox\" target=\"_blank\" rel=\"noopener\">Jos\u00e9 Miguel Mendoza<\/a>, orden\u00f3 la liquidaci\u00f3n de la compa\u00f1\u00eda.<\/p>\n<p>Desde el pasado 15 de noviembre de 2016 la <a href=\"https:\/\/twitter.com\/Superservicios\" target=\"_blank\" rel=\"noopener\">Superservicios<\/a> tom\u00f3 posesi\u00f3n de los bienes, haberes y negocios de ELECTRICARIBE S.A. E.S.P. para hacerle frente a la cr\u00edtica situaci\u00f3n financiera de la compa\u00f1\u00eda y remediar la deficiente prestaci\u00f3n del servicio a su cargo. Con la necesaria intervenci\u00f3n de ELECTRICARIBE no s\u00f3lo se evit\u00f3 un racionamiento generalizado de energ\u00eda en los departamentos de Atl\u00e1ntico, Bol\u00edvar, Cesar, C\u00f3rdoba, La Guajira, Magdalena y Sucre, sino que, adem\u00e1s, se estabilizaron las finanzas de la compa\u00f1\u00eda con miras a mantener la prestaci\u00f3n del servicio a su cargo.<\/p>\n<p>&nbsp;<\/p>\n<p>Sin embargo, como lo ha resaltado la <a href=\"https:\/\/twitter.com\/Superservicios\" target=\"_blank\" rel=\"noopener\">Superintendencia<\/a> en repetidas oportunidades, la intervenci\u00f3n, por s\u00ed sola, no ten\u00eda la virtualidad de mejorar la calidad del servicio de energ\u00eda en la Costa Caribe. Para que esto ocurra, deben hacerse cuantiosas inversiones orientadas a remediar la obsolescencia de la actual red de distribuci\u00f3n de ELECTRICARIBE. Por este motivo, desde los inicios de la intervenci\u00f3n, los expertos de la <a href=\"https:\/\/twitter.com\/Superservicios\" target=\"_blank\" rel=\"noopener\">Superintendencia de Servicios P\u00fablicos<\/a> han venido analizando si ELECTRICARIBE est\u00e1 en condiciones de hacer las inversiones requeridas para prestar un servicio adecuado.<\/p>\n<p>&nbsp;<\/p>\n<p>Para estos efectos, se construy\u00f3 un modelo financiero que ha permitido predecir, con un alto grado de precisi\u00f3n, los flujos de caja que generar\u00e1 ELECTRICARIBE en los siguientes cinco a\u00f1os. Tambi\u00e9n se proyectaron, hacia el futuro, los \u00edndices de calidad del servicio a cargo de la compa\u00f1\u00eda bajo diferentes niveles de inversi\u00f3n.<\/p>\n<p>&nbsp;<\/p>\n<p>Las conclusiones de los detallados estudios elaborados por la <a href=\"https:\/\/twitter.com\/Superservicios\" target=\"_blank\" rel=\"noopener\">Superintendencia<\/a> permiten afirmar hoy que <strong><u>la compa\u00f1\u00eda no est\u00e1 en condiciones de prestar el servicio de energ\u00eda con la calidad y continuidad debidas. De ah\u00ed que sea necesario ordenar la liquidaci\u00f3n de Electricaribe.<\/u><\/strong><\/p>\n<p>&nbsp;<\/p>\n<p>As\u00ed las cosas, se comenzar\u00e1 inmediatamente un proceso abierto y competitivo para encontrar un operador que asuma la prestaci\u00f3n del servicio de energ\u00eda en la Costa Caribe, en cumplimiento de la misi\u00f3n que la Constituci\u00f3n Pol\u00edtica de Colombia le ha encargado a la Superintendencia de Servicios P\u00fablicos.<\/p>\n<p>&nbsp;<\/p>\n<p>Mientras se surten esos tr\u00e1mites, ELECTRICARIBE continuar\u00e1 prestando el servicio de energ\u00eda en el mercado de la Costa, bajo la administraci\u00f3n del agente especial designado por la Superintendencia. Durante esta fase de transici\u00f3n, se redoblar\u00e1n los esfuerzos para mantener el servicio en la m\u00e1s alta calidad posible, a pesar del avanzado estado de deterioro de las redes de la compa\u00f1\u00eda.<\/p>\n<p>&nbsp;<\/p>\n<p>&nbsp;<\/p>\n<p><em>\u201cHoy hemos dado un paso definitivo para remediar los problemas estructurales que han deteriorado el servicio de energ\u00eda en la Costa\u201d, <\/em>afirm\u00f3 el superintendente de Servicios P\u00fablicos, <a href=\"https:\/\/twitter.com\/JMMendox\" target=\"_blank\" rel=\"noopener\">Jos\u00e9 Miguel Mendoza<\/a>.<\/p>\n<p>&nbsp;<\/p>\n<p>En las siguientes semanas, un equipo de la entidad, liderado por el Superintendente, recorrer\u00e1 los siete departamentos de la Costa Caribe para explicar los alcances de la decisi\u00f3n adoptada por la Superintendencia de Servicios P\u00fablicos y los tiempos del proceso liquidatorio de ELECTRICARIBE.<\/p>\n<p>&nbsp;<\/p>\n<p>La Superintendencia ha dispuesto de los siguientes canales de atenci\u00f3n para resolver inquietudes sobre la toma de posesi\u00f3n de ELECTRICARIBE:<\/p>\n<p>&nbsp;<\/p>\n<p><strong>(i)<\/strong>\u00a0\u00a0Centro de atenci\u00f3n telef\u00f3nico en la l\u00ednea: <strong>018000-910305<\/strong><\/p>\n<p><strong>(ii)<\/strong><strong>\u00a0<\/strong>\u00a0Correo electr\u00f3nico: <a href=\"mailto:situacionenergiacaribe@superservicios.gov.co\">situacionenergiacaribe@superservicios.gov.co<\/a><\/p>\n<p>&nbsp;<\/p>\n","protected":false},"excerpt":{"rendered":"<p>\uf0d8 La Superintendencia de Servicios P\u00fablicos Domiciliarios ha ordenado la liquidaci\u00f3n de ELECTRICARIBE, debido a que la compa\u00f1\u00eda no est\u00e1 en condiciones de prestar el servicio de energ\u00eda con la calidad y continuidad que se requieren. \uf0d8 La Superintendencia ha dispuesto comenzar inmediatamente con las labores necesarias para encontrar un operador que asuma la prestaci\u00f3n del servicio de energ\u00eda en la Costa Caribe. \uf0d8 Mientras se surten esos tr\u00e1mites, ELECTRICARIBE continuar\u00e1 prestando el servicio de energ\u00eda en el mercado de la costa, bajo la administraci\u00f3n temporal del agente especial designado&#8230; <\/p>\n","protected":false},"author":3,"featured_media":0,"comment_status":"open","ping_status":"closed","sticky":false,"template":"","format":"standard","meta":{"footnotes":"","_links_to":"","_links_to_target":""},"categories":[2],"tags":[],"class_list":["post-19596","post","type-post","status-publish","format-standard","hentry","category-actualidad"],"_links":{"self":[{"href":"https:\/\/revistazetta.com\/index.php?rest_route=\/wp\/v2\/posts\/19596","targetHints":{"allow":["GET"]}}],"collection":[{"href":"https:\/\/revistazetta.com\/index.php?rest_route=\/wp\/v2\/posts"}],"about":[{"href":"https:\/\/revistazetta.com\/index.php?rest_route=\/wp\/v2\/types\/post"}],"author":[{"embeddable":true,"href":"https:\/\/revistazetta.com\/index.php?rest_route=\/wp\/v2\/users\/3"}],"replies":[{"embeddable":true,"href":"https:\/\/revistazetta.com\/index.php?rest_route=%2Fwp%2Fv2%2Fcomments&post=19596"}],"version-history":[{"count":0,"href":"https:\/\/revistazetta.com\/index.php?rest_route=\/wp\/v2\/posts\/19596\/revisions"}],"wp:attachment":[{"href":"https:\/\/revistazetta.com\/index.php?rest_route=%2Fwp%2Fv2%2Fmedia&parent=19596"}],"wp:term":[{"taxonomy":"category","embeddable":true,"href":"https:\/\/revistazetta.com\/index.php?rest_route=%2Fwp%2Fv2%2Fcategories&post=19596"},{"taxonomy":"post_tag","embeddable":true,"href":"https:\/\/revistazetta.com\/index.php?rest_route=%2Fwp%2Fv2%2Ftags&post=19596"}],"curies":[{"name":"wp","href":"https:\/\/api.w.org\/{rel}","templated":true}]}}