{"id":19597,"date":"2017-03-15T06:40:18","date_gmt":"2017-03-15T11:40:18","guid":{"rendered":"http:\/\/www.revistazetta.com\/?p=19597"},"modified":"2017-03-15T06:40:18","modified_gmt":"2017-03-15T11:40:18","slug":"reacciones-respaldo-liquidacion-electricaribe","status":"publish","type":"post","link":"https:\/\/revistazetta.com\/?p=19597","title":{"rendered":"Reacciones de respaldo a liquidaci\u00f3n de Electricaribe"},"content":{"rendered":"<p><strong>DUMEK TURBAY<\/strong><\/p>\n<p>Lo que parec\u00eda imposible es una realidad. La Superintendencia de Servicios P\u00fablicos, dio la noticia que la empresa de energ\u00eda Electricaribe, entra en proceso de liquidaci\u00f3n.<\/p>\n<p>Jos\u00e9 Miguel Mendoza, Superintendente de Servicios P\u00fablicos, dio la noticia en rueda de prensa a la que asisti\u00f3 el gobernador de Bol\u00edvar, Dumek Turbay, quien siempre fue abanderado del tema en la costa Caribe y un l\u00edder en la regi\u00f3n, que lucho incansablemente porque esta empresa no continuar\u00e1 brindando sus servicios.<\/p>\n<p>\u00abLa superintendencia de servicios p\u00fablicos, ordena la liquidaci\u00f3n de Electricaribe\u00bb, fue lo primero que dijo Mendoza, quien expres\u00f3 que luego de intervenir la empresa en el pasado mes de noviembre, se realizaron estudios minuciosos para saber si Electricaribe tendr\u00eda sostenibilidad financiera para invertir en el mejoramiento de redes y otros factores, requisitos que seg\u00fan la Superintendencia no cumplieron.<\/p>\n<p>\u00abLuego de estudios de expertos de la superintendencia, se defini\u00f3 que Electricaribe no tiene forma de invertir para mejorar el servicio\u00bb, a\u00f1adi\u00f3 Jos\u00e9 Miguel Mendoza.<\/p>\n<p>Lo que viene es un proceso de escoger el nuevo operador, el cual no es dif\u00edcil, pero lleva su tiempo. \u00abEl operador tiene que tener para hacer las inversiones para que los coste\u00f1os tengan el servicio de energ\u00eda que se merecen\u201d, agreg\u00f3 el superintendente.<\/p>\n<p>Por su parte, el gobernador de Bol\u00edvar, Dumek Turbay, se mostr\u00f3 feliz por la decisi\u00f3n de la superintendencia.<\/p>\n<p>\u00abEstamos felices en el Caribe, sabiendo que esta pesadilla tiene un final, el de una empresa que no nos brinda la ni la energ\u00eda que nos merecemos no el servicio que nos merecemos\u00bb, coment\u00f3 el gobernador, quien dijo que las empresas que deseen prestar el servicio deben ser de calidad.<\/p>\n<p>\u00abEstamos abiertos a las posibilidades de tener un excelente servicio, necesitamos una empresa que tenga m\u00fasculo financiero para hacer las inversiones que se necesitan para que la costa tenga un servicio de calidad\u00bb, expres\u00f3 Turbay.<\/p>\n<p>Se inicia una nueva etapa en la energ\u00eda coste\u00f1a, por eso el gobernador tambi\u00e9n recalc\u00f3 que los municipios que adeudan deben pagar.<\/p>\n<p><strong>\u00a0<\/strong><\/p>\n<p><strong>SENADOR ARA\u00daJO<\/strong><\/p>\n<p>El congresista Fernando Ara\u00fajo, citante del debate contra Electricaribe en el Senado de la Rep\u00fablica, celebr\u00f3 la decisi\u00f3n del superintendente, Jos\u00e9 Miguel Mendoza, de liquidar \u00e9sta compa\u00f1\u00eda, toda vez que la casa matriz, Gas Natural Fenosa, no mostr\u00f3 intenci\u00f3n de inyectar capital necesario para revitalizar esta empresa y as\u00ed prestar un buen servicio.<\/p>\n<p>&nbsp;<\/p>\n<p>El legislador precis\u00f3 que lo que viene ahora es una etapa dif\u00edcil, porque Gas Natural Fenosa est\u00e1 amenazando al pa\u00eds con una demanda internacional, \u201cyo creo que en relaci\u00f3n a eso, hay que tomar cartas en el asunto\u201d.<\/p>\n<p>&nbsp;<\/p>\n<p>As\u00ed mismo, Ara\u00fajo se\u00f1al\u00f3 que es importante que el gobierno tome medidas jur\u00eddicas contra Gas Natural Fenosa por el pago irregular de dividendos por m\u00e1s de 150.000 millones por la v\u00eda de honorarios. Eso es un delito, agravado por el servicio deficiente en la Costa Caribe.<\/p>\n<p>&nbsp;<\/p>\n<p>\u201cEs importante ir trabajando en paralelo en la b\u00fasqueda de un operador, o de varios operadores, yo creo que esta sociedad en etapa de liquidaci\u00f3n facilitar\u00e1 el mecanismo de entrega de operador u operadores, para poder prestar un servicio acorde a la necesidad de los habitantes de la Costa Caribe\u201d, concluy\u00f3.<\/p>\n<p>&nbsp;<\/p>\n<p>&nbsp;<\/p>\n<p>FENALCO<\/p>\n<p>Lo que ha sucedido con Electricaribe, es, parafraseando a GABO, la cr\u00f3nica de una liquidaci\u00f3n anunciada, el reconocimiento expl\u00edcito y sustentado t\u00e9cnicamente\u00a0 de las causales legales que imponen al Estado la adopci\u00f3n de una decisi\u00f3n como la anunciada.<\/p>\n<p>&nbsp;<\/p>\n<p>La motivaci\u00f3n de la resoluci\u00f3n de toma de posesi\u00f3n con fines de liquidaci\u00f3n, es la conclusi\u00f3n inequ\u00edvoca de una serie de factores que no debieron ocurrir, pues la debida diligencia del proceso de privatizaci\u00f3n del servicio mostraba situaciones que hoy son igual de evidentes y por ello es que la comunidad en general siente animadversi\u00f3n por la forma como se vino prestando el servicio y la administraci\u00f3n de la empresa y que hoy se ve reflejada en una decisi\u00f3n extrema.<\/p>\n<p>&nbsp;<\/p>\n<p>Lo que queda ahora es conservar la confianza en el esfuerzo del Gobierno en mantener el servicio, procurar su mejora y definir en manos de quien quedar\u00e1 su prestaci\u00f3n en el futuro, pues es necesario enmendar y superar las circunstancias que hoy hacen que la competitividad de la regi\u00f3n est\u00e9 en aprietos y los empresarios y ciudadanos preocupados.<\/p>\n<p>&nbsp;<\/p>\n<p>La adecuada\u00a0prestaci\u00f3n de los servicios p\u00fablicos\u00a0en condiciones de calidad y oportunidad, es un asunto que compromete la competitividad de las empresas en particular y la del territorio en general, de ah\u00ed la importancia en que los esfuerzos que su\u00a0mejora\u00a0demanda para que ambas condiciones se cumplan,\u00a0sea una acci\u00f3n prioritaria de los gobiernos y de las empresas prestadoras\u00a0en lo que corresponda cada uno. Valga decir que el comercio de la regi\u00f3n, tanto de bienes como servicios, padeci\u00f3 ampliamente las consecuencias y as\u00ed lo pudo percibir en encuestas realizadas por el Gremio.<\/p>\n<p>&nbsp;<\/p>\n<p>Tampoco podemos dejar de recordar de forma permanente, que los usuarios del servicio de energ\u00eda han pagado puntuales el cargo por confiabilidad, que no es cosa distinta a un seguro, costoso por dem\u00e1s, y que ha demostrado en estos tiempos, no haber sido utilizado para el fin que se instaur\u00f3 y que se ha sido objeto de imposici\u00f3n de multas recientes por la propia Superintendencia.<\/p>\n","protected":false},"excerpt":{"rendered":"<p>DUMEK TURBAY Lo que parec\u00eda imposible es una realidad. La Superintendencia de Servicios P\u00fablicos, dio la noticia que la empresa de energ\u00eda Electricaribe, entra en proceso de liquidaci\u00f3n. Jos\u00e9 Miguel Mendoza, Superintendente de Servicios P\u00fablicos, dio la noticia en rueda de prensa a la que asisti\u00f3 el gobernador de Bol\u00edvar, Dumek Turbay, quien siempre fue abanderado del tema en la costa Caribe y un l\u00edder en la regi\u00f3n, que lucho incansablemente porque esta empresa no continuar\u00e1 brindando sus servicios. \u00abLa superintendencia de servicios p\u00fablicos, ordena la liquidaci\u00f3n de Electricaribe\u00bb, fue&#8230; <\/p>\n","protected":false},"author":3,"featured_media":0,"comment_status":"open","ping_status":"closed","sticky":false,"template":"","format":"standard","meta":{"footnotes":"","_links_to":"","_links_to_target":""},"categories":[2],"tags":[],"class_list":["post-19597","post","type-post","status-publish","format-standard","hentry","category-actualidad"],"_links":{"self":[{"href":"https:\/\/revistazetta.com\/index.php?rest_route=\/wp\/v2\/posts\/19597","targetHints":{"allow":["GET"]}}],"collection":[{"href":"https:\/\/revistazetta.com\/index.php?rest_route=\/wp\/v2\/posts"}],"about":[{"href":"https:\/\/revistazetta.com\/index.php?rest_route=\/wp\/v2\/types\/post"}],"author":[{"embeddable":true,"href":"https:\/\/revistazetta.com\/index.php?rest_route=\/wp\/v2\/users\/3"}],"replies":[{"embeddable":true,"href":"https:\/\/revistazetta.com\/index.php?rest_route=%2Fwp%2Fv2%2Fcomments&post=19597"}],"version-history":[{"count":0,"href":"https:\/\/revistazetta.com\/index.php?rest_route=\/wp\/v2\/posts\/19597\/revisions"}],"wp:attachment":[{"href":"https:\/\/revistazetta.com\/index.php?rest_route=%2Fwp%2Fv2%2Fmedia&parent=19597"}],"wp:term":[{"taxonomy":"category","embeddable":true,"href":"https:\/\/revistazetta.com\/index.php?rest_route=%2Fwp%2Fv2%2Fcategories&post=19597"},{"taxonomy":"post_tag","embeddable":true,"href":"https:\/\/revistazetta.com\/index.php?rest_route=%2Fwp%2Fv2%2Ftags&post=19597"}],"curies":[{"name":"wp","href":"https:\/\/api.w.org\/{rel}","templated":true}]}}