{"id":19601,"date":"2017-03-15T06:49:11","date_gmt":"2017-03-15T11:49:11","guid":{"rendered":"http:\/\/www.revistazetta.com\/?p=19601"},"modified":"2017-03-15T07:20:41","modified_gmt":"2017-03-15T12:20:41","slug":"murio-inmenso-sencillo-rocky-valdez","status":"publish","type":"post","link":"https:\/\/revistazetta.com\/?p=19601","title":{"rendered":"Muri\u00f3 el inmenso y sencillo Rocky Valdez"},"content":{"rendered":"<p>Inmenso en gloria y humilde de coraz\u00f3n. As\u00ed era Rodrigo \u00abRocky\u00bb Valdez, el gran campe\u00f3n mundial de boxeo, que falleci\u00f3 este martes a las 11 de la noche\u00a0a sus 71 a\u00f1os\u00a0luego de sufrir un infarto fulminante.\u00a0El\u00a0campe\u00f3n\u00a0mundial\u00a0falleci\u00f3\u00a0en la\u00a0cl\u00ednica\u00a0San\u00a0Jos\u00e9\u00a0de Torices de Cartagena.<\/p>\n<p>Su muerte fue confirmada\u00a0por el alcalde de Cartagena, Manolo Duque, a trav\u00e9s de su cuenta en Twitter.<\/p>\n<p><img loading=\"lazy\" decoding=\"async\" class=\"size-medium wp-image-19604 alignleft\" src=\"https:\/\/www.revistazetta.com\/wp-content\/uploads\/2017\/03\/Manolo-trino-rocky-300x199.jpg\" alt=\"Manolo trino rocky\" width=\"300\" height=\"199\" srcset=\"https:\/\/revistazetta.com\/wp-content\/uploads\/2017\/03\/Manolo-trino-rocky-300x199.jpg 300w, https:\/\/revistazetta.com\/wp-content\/uploads\/2017\/03\/Manolo-trino-rocky-220x146.jpg 220w, https:\/\/revistazetta.com\/wp-content\/uploads\/2017\/03\/Manolo-trino-rocky-50x33.jpg 50w, https:\/\/revistazetta.com\/wp-content\/uploads\/2017\/03\/Manolo-trino-rocky-113x75.jpg 113w, https:\/\/revistazetta.com\/wp-content\/uploads\/2017\/03\/Manolo-trino-rocky.jpg 720w\" sizes=\"auto, (max-width: 300px) 100vw, 300px\" \/><\/p>\n<p>El 25 de mayo de 1974, el cartagenero se coron\u00f3 campe\u00f3n mundial de boxeo al derrotar al estadounidense Benny Briscoe, en el Principado.<\/p>\n<p>Jos\u00e9 Godoy, su expreparador f\u00edsico, asegur\u00f3 el pasado\u00a0mes de mayo, durante un homenaje que la Universidad de Cartagena le brind\u00f3 a Valdez, que este \u201cse hizo campe\u00f3n por su dedicaci\u00f3n. Ahora no hay boxeador que lo haga como \u00e9l lo hac\u00eda. Estaba obsesionado con ser campe\u00f3n\u201d.<\/p>\n<p><img loading=\"lazy\" decoding=\"async\" class=\"alignright size-medium wp-image-19605\" src=\"https:\/\/www.revistazetta.com\/wp-content\/uploads\/2017\/03\/x130905172254_0-300x215.jpg\" alt=\"x130905172254_0\" width=\"300\" height=\"215\" srcset=\"https:\/\/revistazetta.com\/wp-content\/uploads\/2017\/03\/x130905172254_0-300x215.jpg 300w, https:\/\/revistazetta.com\/wp-content\/uploads\/2017\/03\/x130905172254_0-204x146.jpg 204w, https:\/\/revistazetta.com\/wp-content\/uploads\/2017\/03\/x130905172254_0-50x36.jpg 50w, https:\/\/revistazetta.com\/wp-content\/uploads\/2017\/03\/x130905172254_0-105x75.jpg 105w, https:\/\/revistazetta.com\/wp-content\/uploads\/2017\/03\/x130905172254_0.jpg 860w\" sizes=\"auto, (max-width: 300px) 100vw, 300px\" \/><\/p>\n<p>&nbsp;<\/p>\n","protected":false},"excerpt":{"rendered":"<p>Inmenso en gloria y humilde de coraz\u00f3n. As\u00ed era Rodrigo \u00abRocky\u00bb Valdez, el gran campe\u00f3n mundial de boxeo, que falleci\u00f3 este martes a las 11 de la noche\u00a0a sus 71 a\u00f1os\u00a0luego de sufrir un infarto fulminante.\u00a0El\u00a0campe\u00f3n\u00a0mundial\u00a0falleci\u00f3\u00a0en la\u00a0cl\u00ednica\u00a0San\u00a0Jos\u00e9\u00a0de Torices de Cartagena. Su muerte fue confirmada\u00a0por el alcalde de Cartagena, Manolo Duque, a trav\u00e9s de su cuenta en Twitter. El 25 de mayo de 1974, el cartagenero se coron\u00f3 campe\u00f3n mundial de boxeo al derrotar al estadounidense Benny Briscoe, en el Principado. Jos\u00e9 Godoy, su expreparador f\u00edsico, asegur\u00f3 el pasado\u00a0mes de mayo,&#8230; <\/p>\n","protected":false},"author":3,"featured_media":19602,"comment_status":"open","ping_status":"closed","sticky":false,"template":"","format":"standard","meta":{"footnotes":"","_links_to":"","_links_to_target":""},"categories":[53,75],"tags":[],"class_list":["post-19601","post","type-post","status-publish","format-standard","has-post-thumbnail","hentry","category-deportes","category-destacada"],"_links":{"self":[{"href":"https:\/\/revistazetta.com\/index.php?rest_route=\/wp\/v2\/posts\/19601","targetHints":{"allow":["GET"]}}],"collection":[{"href":"https:\/\/revistazetta.com\/index.php?rest_route=\/wp\/v2\/posts"}],"about":[{"href":"https:\/\/revistazetta.com\/index.php?rest_route=\/wp\/v2\/types\/post"}],"author":[{"embeddable":true,"href":"https:\/\/revistazetta.com\/index.php?rest_route=\/wp\/v2\/users\/3"}],"replies":[{"embeddable":true,"href":"https:\/\/revistazetta.com\/index.php?rest_route=%2Fwp%2Fv2%2Fcomments&post=19601"}],"version-history":[{"count":0,"href":"https:\/\/revistazetta.com\/index.php?rest_route=\/wp\/v2\/posts\/19601\/revisions"}],"wp:featuredmedia":[{"embeddable":true,"href":"https:\/\/revistazetta.com\/index.php?rest_route=\/wp\/v2\/media\/19602"}],"wp:attachment":[{"href":"https:\/\/revistazetta.com\/index.php?rest_route=%2Fwp%2Fv2%2Fmedia&parent=19601"}],"wp:term":[{"taxonomy":"category","embeddable":true,"href":"https:\/\/revistazetta.com\/index.php?rest_route=%2Fwp%2Fv2%2Fcategories&post=19601"},{"taxonomy":"post_tag","embeddable":true,"href":"https:\/\/revistazetta.com\/index.php?rest_route=%2Fwp%2Fv2%2Ftags&post=19601"}],"curies":[{"name":"wp","href":"https:\/\/api.w.org\/{rel}","templated":true}]}}