{"id":19637,"date":"2017-03-18T08:34:24","date_gmt":"2017-03-18T13:34:24","guid":{"rendered":"http:\/\/www.revistazetta.com\/?p=19637"},"modified":"2017-03-18T08:48:20","modified_gmt":"2017-03-18T13:48:20","slug":"podran-quitar-una-curul-nunca-podran-quitar-vocacion-servicio-ronald-fortich","status":"publish","type":"post","link":"https:\/\/revistazetta.com\/?p=19637","title":{"rendered":"\u00abPodr\u00e1n quitar una curul, pero nunca mi vocaci\u00f3n de servicio\u00bb: Ronald Fortich"},"content":{"rendered":"<p>&nbsp;<\/p>\n<p>El Consejo de Estado dej\u00f3 sin curul a Ronald Fortich Rodelo por doble militancia, en una decisi\u00f3n dividida. En su lugar deber\u00e1 ingresar Judith D\u00edaz, sobrina del ex alcalde Carlos D\u00edaz.<\/p>\n<p>Fortich lleg\u00f3 al Concejo a nombre del movimiento ciudadano \u00abCartagena Con Firmas\u00bb.<\/p>\n<p>El dirigente emiti\u00f3 un comunicado de prensa:<\/p>\n<p>El concejal Ronald Fortich Rodelo se permite informar a la opini\u00f3n p\u00fablica que:<\/p>\n<p>1) Ayer me enter\u00e9 por medio de mi abogado, que por correo electr\u00f3nico le notificaron que el Consejo de Estado determin\u00f3 fallar en mi contra, en el proceso por doble militancia.<\/p>\n<p>2) Con lo que observamos del fallo, encontramos que dos consejeros de estado salvaron el voto y los dos conjueces junto a la magistrada ponente votaron en contra de nuestra argumentaci\u00f3n en todo el proceso.<\/p>\n<p>3) A mi criterio y el de mi defensa estamos seguros que no incurr\u00ed en doble militancia; porque nunca me dieron aval en otro partido; sin embargo soy respetuoso de la decisi\u00f3n del alto tribunal.<\/p>\n<p>4) Mi abogado est\u00e1 estudiando la providencia para efecto de determinar los procedimientos a seguir.<\/p>\n<p>5) Podr\u00e1n quitar una curul; pero nunca podr\u00e1n quitar mi vocaci\u00f3n de servicio. Siempre estar\u00e9 dispuesto a trabajar por Cartagena de Indias, este es mi llamado. Mi equipo y yo seguiremos trabajando para que a la ciudad le vaya bien y lo har\u00e9 hasta el \u00faltimo d\u00eda de mi vida.<\/p>\n","protected":false},"excerpt":{"rendered":"<p>&nbsp; El Consejo de Estado dej\u00f3 sin curul a Ronald Fortich Rodelo por doble militancia, en una decisi\u00f3n dividida. En su lugar deber\u00e1 ingresar Judith D\u00edaz, sobrina del ex alcalde Carlos D\u00edaz. Fortich lleg\u00f3 al Concejo a nombre del movimiento ciudadano \u00abCartagena Con Firmas\u00bb. El dirigente emiti\u00f3 un comunicado de prensa: El concejal Ronald Fortich Rodelo se permite informar a la opini\u00f3n p\u00fablica que: 1) Ayer me enter\u00e9 por medio de mi abogado, que por correo electr\u00f3nico le notificaron que el Consejo de Estado determin\u00f3 fallar en mi contra, en&#8230; <\/p>\n","protected":false},"author":3,"featured_media":19639,"comment_status":"open","ping_status":"closed","sticky":false,"template":"","format":"standard","meta":{"footnotes":"","_links_to":"","_links_to_target":""},"categories":[75,4],"tags":[],"class_list":["post-19637","post","type-post","status-publish","format-standard","has-post-thumbnail","hentry","category-destacada","category-politica"],"_links":{"self":[{"href":"https:\/\/revistazetta.com\/index.php?rest_route=\/wp\/v2\/posts\/19637","targetHints":{"allow":["GET"]}}],"collection":[{"href":"https:\/\/revistazetta.com\/index.php?rest_route=\/wp\/v2\/posts"}],"about":[{"href":"https:\/\/revistazetta.com\/index.php?rest_route=\/wp\/v2\/types\/post"}],"author":[{"embeddable":true,"href":"https:\/\/revistazetta.com\/index.php?rest_route=\/wp\/v2\/users\/3"}],"replies":[{"embeddable":true,"href":"https:\/\/revistazetta.com\/index.php?rest_route=%2Fwp%2Fv2%2Fcomments&post=19637"}],"version-history":[{"count":0,"href":"https:\/\/revistazetta.com\/index.php?rest_route=\/wp\/v2\/posts\/19637\/revisions"}],"wp:featuredmedia":[{"embeddable":true,"href":"https:\/\/revistazetta.com\/index.php?rest_route=\/wp\/v2\/media\/19639"}],"wp:attachment":[{"href":"https:\/\/revistazetta.com\/index.php?rest_route=%2Fwp%2Fv2%2Fmedia&parent=19637"}],"wp:term":[{"taxonomy":"category","embeddable":true,"href":"https:\/\/revistazetta.com\/index.php?rest_route=%2Fwp%2Fv2%2Fcategories&post=19637"},{"taxonomy":"post_tag","embeddable":true,"href":"https:\/\/revistazetta.com\/index.php?rest_route=%2Fwp%2Fv2%2Ftags&post=19637"}],"curies":[{"name":"wp","href":"https:\/\/api.w.org\/{rel}","templated":true}]}}