{"id":19676,"date":"2017-03-21T06:45:27","date_gmt":"2017-03-21T11:45:27","guid":{"rendered":"http:\/\/www.revistazetta.com\/?p=19676"},"modified":"2017-03-21T06:45:27","modified_gmt":"2017-03-21T11:45:27","slug":"vii-festival-del-dulce-ya-nueva-imagen","status":"publish","type":"post","link":"https:\/\/revistazetta.com\/?p=19676","title":{"rendered":"El VII Festival del Dulce ya tiene nueva imagen"},"content":{"rendered":"<p>El Festival del Dulce de este a\u00f1o tiene nueva imagen, que fue dise\u00f1ada por estudiantes de tercer semestre de Dise\u00f1o Gr\u00e1fico de la Universidad Jorge Tadeo Lozano.<\/p>\n<p>La imagen ganadora fue escogida por Berta Luc\u00eda Arnedo, directora del IPCC, en compa\u00f1\u00eda de Indira Romero, jefe de Departamento de Ciencias Humanas, Artes y Dise\u00f1o de la Universidad Jorge Tadeo Lozano Seccional del Caribe.<\/p>\n<p>Los estudiantes Enrique Rivera, Camila Mar\u00edn, Natalia Mart\u00ednez, Maricel Salazar y M\u00f3nica Hern\u00e1ndez fueron quienes participaron en la presentaci\u00f3n de las propuestas tipogr\u00e1ficas para la imagen oficial del VII Festival del Dulce Cartagenero, como un ejercicio acad\u00e9mico para la asignatura de Dise\u00f1o Tipogr\u00e1fico a cargo del profesor Jos\u00e9 Antonio Ariza Aldana.<\/p>\n<p>Camila Mar\u00edn Feria fue la dise\u00f1adora de la imagen escogida, la cual se destac\u00f3 sobre las dem\u00e1s por la creatividad, calidad de imagen e impacto visual.<\/p>\n<p>\u201cNos llena de alegr\u00eda saber que los j\u00f3venes que vienen al Festival del Dulce Cartagenero, puedan darle imagen a este circuito cultural y representativo de la identidad cartagenera\u201d, expres\u00f3 la directora del IPCC Berta Arnedo.<\/p>\n<p>El gobierno de Primero la Gente, a trav\u00e9s del IPCC se complace en poder articular la academia con los procesos socioculturales, para fomentar la inclusi\u00f3n y participaci\u00f3n de los estudiantes en los distintos procesos creativos que hacen parte de los festivales y campa\u00f1as a cargo del instituto.<\/p>\n<p><strong>\u00a0<\/strong><\/p>\n<p><strong>Se abren preinscripciones<\/strong><\/p>\n<p>El Festival del Dulce cartagenero abre preinscripciones gratuitas para que cocineros de la ciudad puedan participar en la versi\u00f3n n\u00famero VII, que se registrar\u00e1 del 9 al 16 de abril en el Parque del Centenario.<\/p>\n<p>A partir del 21 de marzo hasta el 23 de marzo se est\u00e1n entregando los formularios de preinscripci\u00f3n en las instalaciones del Instituto de Patrimonio y Cultura de Cartagena (IPCC) ubicado en la Calle Larga. As\u00ed mismo, los interesados deber\u00e1n entregar los formularios diligenciados del 24 al 28 de marzo y finalmente se publicar\u00e1 la lista de admitidos el pr\u00f3ximo 29 de marzo de 2017 a trav\u00e9s de la p\u00e1gina web: www.ipcc.gov.co<\/p>\n<p>&nbsp;<\/p>\n","protected":false},"excerpt":{"rendered":"<p>El Festival del Dulce de este a\u00f1o tiene nueva imagen, que fue dise\u00f1ada por estudiantes de tercer semestre de Dise\u00f1o Gr\u00e1fico de la Universidad Jorge Tadeo Lozano. La imagen ganadora fue escogida por Berta Luc\u00eda Arnedo, directora del IPCC, en compa\u00f1\u00eda de Indira Romero, jefe de Departamento de Ciencias Humanas, Artes y Dise\u00f1o de la Universidad Jorge Tadeo Lozano Seccional del Caribe. Los estudiantes Enrique Rivera, Camila Mar\u00edn, Natalia Mart\u00ednez, Maricel Salazar y M\u00f3nica Hern\u00e1ndez fueron quienes participaron en la presentaci\u00f3n de las propuestas tipogr\u00e1ficas para la imagen oficial del&#8230; <\/p>\n","protected":false},"author":3,"featured_media":19677,"comment_status":"open","ping_status":"closed","sticky":false,"template":"","format":"standard","meta":{"footnotes":"","_links_to":"","_links_to_target":""},"categories":[41,58],"tags":[],"class_list":["post-19676","post","type-post","status-publish","format-standard","has-post-thumbnail","hentry","category-cultura","category-cocina"],"_links":{"self":[{"href":"https:\/\/revistazetta.com\/index.php?rest_route=\/wp\/v2\/posts\/19676","targetHints":{"allow":["GET"]}}],"collection":[{"href":"https:\/\/revistazetta.com\/index.php?rest_route=\/wp\/v2\/posts"}],"about":[{"href":"https:\/\/revistazetta.com\/index.php?rest_route=\/wp\/v2\/types\/post"}],"author":[{"embeddable":true,"href":"https:\/\/revistazetta.com\/index.php?rest_route=\/wp\/v2\/users\/3"}],"replies":[{"embeddable":true,"href":"https:\/\/revistazetta.com\/index.php?rest_route=%2Fwp%2Fv2%2Fcomments&post=19676"}],"version-history":[{"count":0,"href":"https:\/\/revistazetta.com\/index.php?rest_route=\/wp\/v2\/posts\/19676\/revisions"}],"wp:featuredmedia":[{"embeddable":true,"href":"https:\/\/revistazetta.com\/index.php?rest_route=\/wp\/v2\/media\/19677"}],"wp:attachment":[{"href":"https:\/\/revistazetta.com\/index.php?rest_route=%2Fwp%2Fv2%2Fmedia&parent=19676"}],"wp:term":[{"taxonomy":"category","embeddable":true,"href":"https:\/\/revistazetta.com\/index.php?rest_route=%2Fwp%2Fv2%2Fcategories&post=19676"},{"taxonomy":"post_tag","embeddable":true,"href":"https:\/\/revistazetta.com\/index.php?rest_route=%2Fwp%2Fv2%2Ftags&post=19676"}],"curies":[{"name":"wp","href":"https:\/\/api.w.org\/{rel}","templated":true}]}}