{"id":19680,"date":"2017-03-21T07:01:11","date_gmt":"2017-03-21T12:01:11","guid":{"rendered":"http:\/\/www.revistazetta.com\/?p=19680"},"modified":"2017-03-21T07:01:11","modified_gmt":"2017-03-21T12:01:11","slug":"17-mil-documentos-reclamar-jornadas-identificacion","status":"publish","type":"post","link":"https:\/\/revistazetta.com\/?p=19680","title":{"rendered":"Hay 17 mil documentos a reclamar por jornadas de identificaci\u00f3n"},"content":{"rendered":"<p>Listos para reclamar se encuentran los 17 mil documentos expedidos por la Registradur\u00eda Nacional del Estado Civil, en campa\u00f1a realizada por la Alcald\u00eda de Cartagena, bajo el liderazgo de Manolo Duque a trav\u00e9s del Plan de Emergencia Social Pedro Romero.<\/p>\n<p>Javier Lora Jim\u00e9nez, director de \u00e9sta entidad, hizo un llamado a todas las personas que tramitaron sus documentos en las jornadas realizadas por el PES el a\u00f1o anterior, para que se acerquen a reclamarlos en las instalaciones de la Registradur\u00eda, ubicadas en la avenida Pedro de Heredia, sector Pie del Cerro, diagonal a las antiguas oficinas de Telecom y antes del IAFIC.<\/p>\n<p>Advirti\u00f3 que el retiro de c\u00e9dulas y tarjetas de identidad es personal y para ello se debe presentar la contrase\u00f1a. Para el caso de los ni\u00f1os y el reclamo de su tarjeta de identidad, las madres deben llevar copia de su c\u00e9dula, copia de registro civil del ni\u00f1o y la contrase\u00f1a y reiter\u00f3 enf\u00e1ticamente que es fundamental llevar la contrase\u00f1a y los documentos requeridos para no perder la ida, ya que no ser\u00e1n entregados sino se lleva lo exigido.<\/p>\n<p>El director del PES Javier Lora manifest\u00f3 que con la entrega de los 17 mil documentos de identidad, se llega a la fase final de la campa\u00f1a de identificaci\u00f3n del 2016, en cumplimiento del Plan de Desarrollo Primero la Gente y el subprograma Identificaci\u00f3n para Superaci\u00f3n de la Pobreza y la Desigualdad.<\/p>\n","protected":false},"excerpt":{"rendered":"<p>Listos para reclamar se encuentran los 17 mil documentos expedidos por la Registradur\u00eda Nacional del Estado Civil, en campa\u00f1a realizada por la Alcald\u00eda de Cartagena, bajo el liderazgo de Manolo Duque a trav\u00e9s del Plan de Emergencia Social Pedro Romero. Javier Lora Jim\u00e9nez, director de \u00e9sta entidad, hizo un llamado a todas las personas que tramitaron sus documentos en las jornadas realizadas por el PES el a\u00f1o anterior, para que se acerquen a reclamarlos en las instalaciones de la Registradur\u00eda, ubicadas en la avenida Pedro de Heredia, sector Pie del&#8230; <\/p>\n","protected":false},"author":3,"featured_media":19681,"comment_status":"open","ping_status":"closed","sticky":false,"template":"","format":"standard","meta":{"footnotes":"","_links_to":"","_links_to_target":""},"categories":[2],"tags":[],"class_list":["post-19680","post","type-post","status-publish","format-standard","has-post-thumbnail","hentry","category-actualidad"],"_links":{"self":[{"href":"https:\/\/revistazetta.com\/index.php?rest_route=\/wp\/v2\/posts\/19680","targetHints":{"allow":["GET"]}}],"collection":[{"href":"https:\/\/revistazetta.com\/index.php?rest_route=\/wp\/v2\/posts"}],"about":[{"href":"https:\/\/revistazetta.com\/index.php?rest_route=\/wp\/v2\/types\/post"}],"author":[{"embeddable":true,"href":"https:\/\/revistazetta.com\/index.php?rest_route=\/wp\/v2\/users\/3"}],"replies":[{"embeddable":true,"href":"https:\/\/revistazetta.com\/index.php?rest_route=%2Fwp%2Fv2%2Fcomments&post=19680"}],"version-history":[{"count":0,"href":"https:\/\/revistazetta.com\/index.php?rest_route=\/wp\/v2\/posts\/19680\/revisions"}],"wp:featuredmedia":[{"embeddable":true,"href":"https:\/\/revistazetta.com\/index.php?rest_route=\/wp\/v2\/media\/19681"}],"wp:attachment":[{"href":"https:\/\/revistazetta.com\/index.php?rest_route=%2Fwp%2Fv2%2Fmedia&parent=19680"}],"wp:term":[{"taxonomy":"category","embeddable":true,"href":"https:\/\/revistazetta.com\/index.php?rest_route=%2Fwp%2Fv2%2Fcategories&post=19680"},{"taxonomy":"post_tag","embeddable":true,"href":"https:\/\/revistazetta.com\/index.php?rest_route=%2Fwp%2Fv2%2Ftags&post=19680"}],"curies":[{"name":"wp","href":"https:\/\/api.w.org\/{rel}","templated":true}]}}