{"id":19682,"date":"2017-03-21T07:05:44","date_gmt":"2017-03-21T12:05:44","guid":{"rendered":"http:\/\/www.revistazetta.com\/?p=19682"},"modified":"2017-03-21T07:06:40","modified_gmt":"2017-03-21T12:06:40","slug":"primera-jornada-conciliacion-gratuita-carmen-bolivar-deja-15-casos-atendidos","status":"publish","type":"post","link":"https:\/\/revistazetta.com\/?p=19682","title":{"rendered":"Primera Jornada de Conciliaci\u00f3n gratuita en el Carmen de Bol\u00edvar deja 15 casos atendidos"},"content":{"rendered":"<p>&nbsp;<\/p>\n<p>Con 15 casos atendidos finaliz\u00f3 la primera jornada de conciliaci\u00f3n realizada por la C\u00e1mara de Comercio de Cartagena en El Carmen de Bol\u00edvar.<\/p>\n<p>\u201cLa iniciativa se da con el objetivo de generar una cultura conciliadora entre los habitantes de la poblaci\u00f3n y para que los comerciantes de la regi\u00f3n cuenten con los diferentes servicios que desde la C\u00e1mara de Comercio estamos dispuestos a brindarles\u201d, asegur\u00f3 Julia Eva Pretelt, directora de Servicios Registrales y el Centro de Arbitraje y Conciliaci\u00f3n de la C\u00e1mara de Comercio de Cartagena.<\/p>\n<p>Entro de los 15 casos, 5 fueron acuerdos, 5 inasistencias, 1 no acuerdo, 4 no asistencias de ambas partes, pero reprogramadas para Cartagena. Dentro de estos mismos se encontraron 6 casos de familia, el resto entre civiles y comerciales.<\/p>\n<p>As\u00ed mismo, tambi\u00e9n se presentaron 7 personas atendidas en sesiones psicol\u00f3gicas, lo cual constituye un servicio que tambi\u00e9n se est\u00e1 ofreciendo en este tipo de actividades.<\/p>\n<p>La jornada cont\u00f3 con la participaci\u00f3n de un equipo de profesionales capacitados en el tema como, 5 conciliadores, 1 psic\u00f3loga y dos miembros de la Polic\u00eda Nacional, quienes dieron capacitaci\u00f3n a todos los asistentes sobre el nuevo C\u00f3digo de Polic\u00eda y resoluci\u00f3n de conflictos.<\/p>\n","protected":false},"excerpt":{"rendered":"<p>&nbsp; Con 15 casos atendidos finaliz\u00f3 la primera jornada de conciliaci\u00f3n realizada por la C\u00e1mara de Comercio de Cartagena en El Carmen de Bol\u00edvar. \u201cLa iniciativa se da con el objetivo de generar una cultura conciliadora entre los habitantes de la poblaci\u00f3n y para que los comerciantes de la regi\u00f3n cuenten con los diferentes servicios que desde la C\u00e1mara de Comercio estamos dispuestos a brindarles\u201d, asegur\u00f3 Julia Eva Pretelt, directora de Servicios Registrales y el Centro de Arbitraje y Conciliaci\u00f3n de la C\u00e1mara de Comercio de Cartagena. Entro de los&#8230; <\/p>\n","protected":false},"author":3,"featured_media":19683,"comment_status":"open","ping_status":"closed","sticky":false,"template":"","format":"standard","meta":{"footnotes":"","_links_to":"","_links_to_target":""},"categories":[3,50],"tags":[],"class_list":["post-19682","post","type-post","status-publish","format-standard","has-post-thumbnail","hentry","category-ciudad","category-empresa"],"_links":{"self":[{"href":"https:\/\/revistazetta.com\/index.php?rest_route=\/wp\/v2\/posts\/19682","targetHints":{"allow":["GET"]}}],"collection":[{"href":"https:\/\/revistazetta.com\/index.php?rest_route=\/wp\/v2\/posts"}],"about":[{"href":"https:\/\/revistazetta.com\/index.php?rest_route=\/wp\/v2\/types\/post"}],"author":[{"embeddable":true,"href":"https:\/\/revistazetta.com\/index.php?rest_route=\/wp\/v2\/users\/3"}],"replies":[{"embeddable":true,"href":"https:\/\/revistazetta.com\/index.php?rest_route=%2Fwp%2Fv2%2Fcomments&post=19682"}],"version-history":[{"count":0,"href":"https:\/\/revistazetta.com\/index.php?rest_route=\/wp\/v2\/posts\/19682\/revisions"}],"wp:featuredmedia":[{"embeddable":true,"href":"https:\/\/revistazetta.com\/index.php?rest_route=\/wp\/v2\/media\/19683"}],"wp:attachment":[{"href":"https:\/\/revistazetta.com\/index.php?rest_route=%2Fwp%2Fv2%2Fmedia&parent=19682"}],"wp:term":[{"taxonomy":"category","embeddable":true,"href":"https:\/\/revistazetta.com\/index.php?rest_route=%2Fwp%2Fv2%2Fcategories&post=19682"},{"taxonomy":"post_tag","embeddable":true,"href":"https:\/\/revistazetta.com\/index.php?rest_route=%2Fwp%2Fv2%2Ftags&post=19682"}],"curies":[{"name":"wp","href":"https:\/\/api.w.org\/{rel}","templated":true}]}}