{"id":19684,"date":"2017-03-21T13:58:03","date_gmt":"2017-03-21T18:58:03","guid":{"rendered":"http:\/\/www.revistazetta.com\/?p=19684"},"modified":"2017-03-21T14:15:44","modified_gmt":"2017-03-21T19:15:44","slug":"dia-mundial-la-poesia-versos-bravos-garcia-lorca-machado-alberti","status":"publish","type":"post","link":"https:\/\/revistazetta.com\/?p=19684","title":{"rendered":"D\u00eda Mundial de la Poes\u00eda: versos \u00abbravos\u00bb de Garc\u00eda Lorca, Machado, Alberti&#8230;"},"content":{"rendered":"<p>El diario ABC de Espa\u00f1a (www.abc.es) entrega este interesante art\u00edculo:<\/p>\n<p>No hay duda de que\u00a0<strong>los toros son un hecho cultural<\/strong>. La Fiesta ha sido manantial de inspiraci\u00f3n para pintores, escultores, novelistas, poetas&#8230; \u00abDesde el poema al conde Fern\u00e1n Gonz\u00e1lez, compuesto por el a\u00f1o 1250, hasta nuestros poetas de hoy, el tema taurino, tan espa\u00f1ol, con su vertiente popular subrayado paladinamente, incide en el subosconciente de estos\u00bb, se se\u00f1ala en\u00a0\u00abHistoria de la Tauromaquia\u00bb.<\/p>\n<p>Hoy, en el declarado\u00a0<strong>D\u00eda Mundial de la Poes\u00eda<\/strong>, recordamos versos taurinos inolvidables de grandes como Garc\u00eda Lorca, Miguel Hern\u00e1ndez, Alberti o Villal\u00f3n que han cantado al toro y al torero, a la vida y a la muerte. Pasen y lean:<\/p>\n<p><strong>MANUEL MACHADO<\/strong>:<\/p>\n<div id=\"roba_cintillo-id\">Una nota de clar\u00edn,<\/div>\n<p>desgarrada<\/p>\n<p>penetrante,<\/p>\n<p>rompe el aire con vibrante pu\u00f1alada&#8230;<\/p>\n<p>Da principio el primer espect\u00e1culo.<\/p>\n<p>&nbsp;<\/p>\n<p><strong>FERNANDO VILLAL\u00d3N<\/strong>:<\/p>\n<p>Plaza de piedra de Ronda,<\/p>\n<p>la de toreros machos:<\/p>\n<p>pide tu balconer\u00eda<\/p>\n<p>una carmen cada palco;<\/p>\n<p>un Romero cada toro,<\/p>\n<p>un Maestrante a caballo<\/p>\n<p>y dos bandidos que pidan<\/p>\n<p>la llave con sus retacos.<\/p>\n<p>Plaza de piedra de Ronda,<\/p>\n<p>la de los toreros machos.<\/p>\n<p><strong>GARC\u00cdA LORCA<\/strong>:<\/p>\n<p>\u00a1Que no quiero verla!<\/p>\n<p>Dile a la luna que venga,<\/p>\n<p>que no quiero ver la sangre<\/p>\n<p>de Ignacio sobre la arena.<\/p>\n<p>\u00a1Que no quiero verla!<\/p>\n<p>La luna de par en par.<\/p>\n<p>Caballo de nubes quietas,<\/p>\n<p>y la plaza gris del sue\u00f1o<\/p>\n<p>con sauces en las barreras.<\/p>\n<p>\u00a1Que no quiero verla!<\/p>\n<p>Que mi recuerdo se quema.<\/p>\n<p>\u00a1Avisad a los jazmines<\/p>\n<p>con su blancura peque\u00f1a!<\/p>\n<p>\u00a1Que no quiero verla!<\/p>\n<p>La vaca del viejo mundo<\/p>\n<p>pasaba su triste lengua<\/p>\n<p>sobre un hocico de sangres<\/p>\n<p>derramadas en la arena,<\/p>\n<p>y los toros de Guisando,<\/p>\n<p>casi muerte y casi piedra,<\/p>\n<p>mugieron como dos siglos<\/p>\n<p>hartos de pisar la tierra.<\/p>\n<p>&nbsp;<\/p>\n<p><strong>MIGUEL HERN\u00c1NDEZ<\/strong>:<\/p>\n<p>Como el toro he nacido para el luto<\/p>\n<p>y el dolor, como el toro estoy marcado<\/p>\n<p>por un hierro infernal en el costado<\/p>\n<p>y por var\u00f3n en la ingle con un fruto.<\/p>\n<p>Como el toro lo encuentra diminuto<\/p>\n<p>todo mi coraz\u00f3n desmesurado,<\/p>\n<p>y del rostro del beso enamorado,<\/p>\n<p>como el toro a tu amor se lo disputo.<\/p>\n<p>Como el toro me crezco en el castigo,<\/p>\n<p>la lengua en coraz\u00f3n tengo ba\u00f1ada<\/p>\n<p>y llevo al cuello un vendaval sonoro.<\/p>\n<p>Como el toro te sigo y te persigo,<\/p>\n<p>y dejas mi deseo en una espada,<\/p>\n<p>como el toro burlado, como el toro.<\/p>\n<p>&nbsp;<\/p>\n<p><strong>RAFAEL ALBERTI:<\/strong><\/p>\n<p>De sombra, sol y muerte, volandera<\/p>\n<p>grana zumbando, el ruedo gira herido<\/p>\n<p>por un clar\u00edn de sangre azul torera.<\/p>\n<p>Abanicos de aplausos, en bandadas,<\/p>\n<p>descienden, giradores, del tendido,<\/p>\n<p>la ronda a coronar de los espadas.<\/p>\n<p>Se hace a\u00f1icos el aire, y violento,<\/p>\n<p>un mar por media luna gris mandado<\/p>\n<p>prende fuego a un farol que apaga el viento.<\/p>\n<p>\u00a1Buen caballito de los toros, vuela,<\/p>\n<p>sin m\u00e1s jinete de oro y plata, al prado<\/p>\n<p>de tu gloria de az\u00facar y canela!<\/p>\n<p>&nbsp;<\/p>\n<p><strong>GERARDO DIEGO<\/strong>:<\/p>\n<p>Entre un temporal deshecho<\/p>\n<p>la gruesa nave embest\u00eda.<\/p>\n<p>Al pasar por el estrecho<\/p>\n<p>la plaza se estremec\u00eda.<\/p>\n<p>T\u00fa erguido, firme, derecho,<\/p>\n<p>faro en tu roca vig\u00eda,<\/p>\n<p>larga el brazo, \u00e1lzate al techo,<\/p>\n<p>rompa la espuma brav\u00eda.<\/p>\n<p>Y all\u00e1 va el pase de pecho.<\/p>\n","protected":false},"excerpt":{"rendered":"<p>El diario ABC de Espa\u00f1a (www.abc.es) entrega este interesante art\u00edculo: No hay duda de que\u00a0los toros son un hecho cultural. La Fiesta ha sido manantial de inspiraci\u00f3n para pintores, escultores, novelistas, poetas&#8230; \u00abDesde el poema al conde Fern\u00e1n Gonz\u00e1lez, compuesto por el a\u00f1o 1250, hasta nuestros poetas de hoy, el tema taurino, tan espa\u00f1ol, con su vertiente popular subrayado paladinamente, incide en el subosconciente de estos\u00bb, se se\u00f1ala en\u00a0\u00abHistoria de la Tauromaquia\u00bb. Hoy, en el declarado\u00a0D\u00eda Mundial de la Poes\u00eda, recordamos versos taurinos inolvidables de grandes como Garc\u00eda Lorca, Miguel&#8230; <\/p>\n","protected":false},"author":3,"featured_media":19686,"comment_status":"open","ping_status":"closed","sticky":false,"template":"","format":"standard","meta":{"footnotes":"","_links_to":"","_links_to_target":""},"categories":[41,75,42],"tags":[],"class_list":["post-19684","post","type-post","status-publish","format-standard","has-post-thumbnail","hentry","category-cultura","category-destacada","category-cultura-toros"],"_links":{"self":[{"href":"https:\/\/revistazetta.com\/index.php?rest_route=\/wp\/v2\/posts\/19684","targetHints":{"allow":["GET"]}}],"collection":[{"href":"https:\/\/revistazetta.com\/index.php?rest_route=\/wp\/v2\/posts"}],"about":[{"href":"https:\/\/revistazetta.com\/index.php?rest_route=\/wp\/v2\/types\/post"}],"author":[{"embeddable":true,"href":"https:\/\/revistazetta.com\/index.php?rest_route=\/wp\/v2\/users\/3"}],"replies":[{"embeddable":true,"href":"https:\/\/revistazetta.com\/index.php?rest_route=%2Fwp%2Fv2%2Fcomments&post=19684"}],"version-history":[{"count":0,"href":"https:\/\/revistazetta.com\/index.php?rest_route=\/wp\/v2\/posts\/19684\/revisions"}],"wp:featuredmedia":[{"embeddable":true,"href":"https:\/\/revistazetta.com\/index.php?rest_route=\/wp\/v2\/media\/19686"}],"wp:attachment":[{"href":"https:\/\/revistazetta.com\/index.php?rest_route=%2Fwp%2Fv2%2Fmedia&parent=19684"}],"wp:term":[{"taxonomy":"category","embeddable":true,"href":"https:\/\/revistazetta.com\/index.php?rest_route=%2Fwp%2Fv2%2Fcategories&post=19684"},{"taxonomy":"post_tag","embeddable":true,"href":"https:\/\/revistazetta.com\/index.php?rest_route=%2Fwp%2Fv2%2Ftags&post=19684"}],"curies":[{"name":"wp","href":"https:\/\/api.w.org\/{rel}","templated":true}]}}