{"id":19687,"date":"2017-03-21T14:33:25","date_gmt":"2017-03-21T19:33:25","guid":{"rendered":"http:\/\/www.revistazetta.com\/?p=19687"},"modified":"2017-03-21T15:07:15","modified_gmt":"2017-03-21T20:07:15","slug":"ciudadela-primero-la-gente-vivienda-2-500-familias","status":"publish","type":"post","link":"https:\/\/revistazetta.com\/?p=19687","title":{"rendered":"\u00abCiudadela Primero La Gente\u00bb, vivienda para 2.500 familias"},"content":{"rendered":"<p>La Alcald\u00eda Mayor de Cartagena, a trav\u00e9s del Fondo de Vivienda de Inter\u00e9s Social (Corvivienda), lanz\u00f3 este martes el macroproyecto de vivienda \u00abCiudadela Primero La Gente\u00bb,\u00a02.500 casas que ser\u00e1n construidas en un lote de 10 h\u00e9ctareas en el barrio El Poz\u00f3n, al sur de la ciudad. El terreno, que este a\u00f1o deber\u00e1 quedar urbanizado, ser\u00e1 intervenido por etapas.<\/p>\n<p>\u00abEl tema de la vivienda se desborda y anualmente el Distrito paga S4 mil millones en arriendo; eso es lo que buscamos disminuir. Este es el proyecto m\u00e1s ambicioso de esta administraci\u00f3n y al final de este gobierno debemos tener las 2.500 soluciones de vivienda\u00a0 y debemos haber sembrado en los cartageneros la semilla de credibilidad hacia Corvivienda\u00bb, se\u00f1al\u00f3 el alcalde Manuel Vicente Duque.<\/p>\n<p>Por su parte, el gerente de la entidad, William Garc\u00eda Tirado, indic\u00f3 que los beneficiados con las casas ser\u00e1n los damnificados por el invierno, los afectados con la falla geol\u00f3gica del barrio San Francisco, las personas que vivan en pobreza extrema y aquellas que deban ser reubicadas por habitar en zonas de alto riesgo.<\/p>\n<p>\u00abPara suplir estas necesidades es urgente que Corvivienda plantea este proyecto de 2.520 soluciones de vivienda\u00bb asever\u00f3 Garc\u00eda Tirado.<\/p>\n<p><iframe loading=\"lazy\" title=\"Ciudadela Primero la Gente- Corvivienda\" width=\"500\" height=\"281\" src=\"https:\/\/www.youtube.com\/embed\/Ct_CnSDZnmI?feature=oembed\" frameborder=\"0\" allow=\"accelerometer; autoplay; clipboard-write; encrypted-media; gyroscope; picture-in-picture; web-share\" referrerpolicy=\"strict-origin-when-cross-origin\" allowfullscreen><\/iframe><\/p>\n","protected":false},"excerpt":{"rendered":"<p>La Alcald\u00eda Mayor de Cartagena, a trav\u00e9s del Fondo de Vivienda de Inter\u00e9s Social (Corvivienda), lanz\u00f3 este martes el macroproyecto de vivienda \u00abCiudadela Primero La Gente\u00bb,\u00a02.500 casas que ser\u00e1n construidas en un lote de 10 h\u00e9ctareas en el barrio El Poz\u00f3n, al sur de la ciudad. El terreno, que este a\u00f1o deber\u00e1 quedar urbanizado, ser\u00e1 intervenido por etapas. \u00abEl tema de la vivienda se desborda y anualmente el Distrito paga S4 mil millones en arriendo; eso es lo que buscamos disminuir. Este es el proyecto m\u00e1s ambicioso de esta administraci\u00f3n&#8230; <\/p>\n","protected":false},"author":3,"featured_media":19688,"comment_status":"open","ping_status":"closed","sticky":false,"template":"","format":"standard","meta":{"footnotes":"","_links_to":"","_links_to_target":""},"categories":[75,86,32],"tags":[],"class_list":["post-19687","post","type-post","status-publish","format-standard","has-post-thumbnail","hentry","category-destacada","category-comunidad","category-actualidad-distrito"],"_links":{"self":[{"href":"https:\/\/revistazetta.com\/index.php?rest_route=\/wp\/v2\/posts\/19687","targetHints":{"allow":["GET"]}}],"collection":[{"href":"https:\/\/revistazetta.com\/index.php?rest_route=\/wp\/v2\/posts"}],"about":[{"href":"https:\/\/revistazetta.com\/index.php?rest_route=\/wp\/v2\/types\/post"}],"author":[{"embeddable":true,"href":"https:\/\/revistazetta.com\/index.php?rest_route=\/wp\/v2\/users\/3"}],"replies":[{"embeddable":true,"href":"https:\/\/revistazetta.com\/index.php?rest_route=%2Fwp%2Fv2%2Fcomments&post=19687"}],"version-history":[{"count":0,"href":"https:\/\/revistazetta.com\/index.php?rest_route=\/wp\/v2\/posts\/19687\/revisions"}],"wp:featuredmedia":[{"embeddable":true,"href":"https:\/\/revistazetta.com\/index.php?rest_route=\/wp\/v2\/media\/19688"}],"wp:attachment":[{"href":"https:\/\/revistazetta.com\/index.php?rest_route=%2Fwp%2Fv2%2Fmedia&parent=19687"}],"wp:term":[{"taxonomy":"category","embeddable":true,"href":"https:\/\/revistazetta.com\/index.php?rest_route=%2Fwp%2Fv2%2Fcategories&post=19687"},{"taxonomy":"post_tag","embeddable":true,"href":"https:\/\/revistazetta.com\/index.php?rest_route=%2Fwp%2Fv2%2Ftags&post=19687"}],"curies":[{"name":"wp","href":"https:\/\/api.w.org\/{rel}","templated":true}]}}