{"id":19691,"date":"2017-03-21T15:00:11","date_gmt":"2017-03-21T20:00:11","guid":{"rendered":"http:\/\/www.revistazetta.com\/?p=19691"},"modified":"2017-03-21T15:00:11","modified_gmt":"2017-03-21T20:00:11","slug":"fenalco-pide-actualizar-tarifas-bomberos","status":"publish","type":"post","link":"https:\/\/revistazetta.com\/?p=19691","title":{"rendered":"Fenalco pide actualizar tarifas de bomberos"},"content":{"rendered":"<p>Fenalco Bol\u00edvar ha venido solicitando a la Administraci\u00f3n Distrital actualice y adopte un esquema tarifario para los servicios que presta el Cuerpo de Bomberos, de manera que se racionalice el costo de estos servicios y se adec\u00faen a las disposiciones vigentes.<\/p>\n<p>La anterior petici\u00f3n est\u00e1 basada en la\u00a0\u00a0Ley 1575 \u00a0de 2012 por medio de la cual \u201cse establece la Ley General de Bomberos de Colombia \u201c, dicha norma en su art\u00edculo 37 se\u00f1al\u00f3 que los concejos a instancia de los alcaldes, pod\u00edan establecer sobretasas o recargos a determinados impuestos territoriales para financiar la actividad bomberil y al tiempo en su art\u00edculo 42 indic\u00f3 que \u00a0\u201clo<em>s cuerpos de bomberos son los \u00f3rganos competentes para la realizaci\u00f3n de las labores de inspecciones y revisiones t\u00e9cnicas en prevenci\u00f3n de incendios y seguridad humana y la realizaci\u00f3n de inspecci\u00f3n y prueba anual de los sistemas de protecci\u00f3n contraincendio de acuerdo a normatividad vigente. Las labores determinadas en el presente art\u00edculo, se realizar\u00e1n de acuerdo a las tarifas asignadas para cada caso, previa reglamentaci\u00f3n que expida anualmente la junta nacional de bomberos de Colombia.\u201d<\/em><\/p>\n<p>La misma ley 1575 se\u00f1al\u00f3 facultades temporales al Gobierno Nacional para reglamentarla, lo cual realiz\u00f3 por virtud del decreto\u00a0352\u00a0de 2013,en virtud de ello debe\u00a0anualmente asignar las tarifas. Posteriormente en cumplimiento de la ley se expidi\u00f3 la\u00a0Resoluci\u00f3n 661 de 2014, el Ministerio del Interior\u00a0adopta el Reglamento Administrativo, Operativo, T\u00e9cnico y Acad\u00e9mico de los Bomberos de Colombia y en es su art\u00edculo 205 indica las tarifas para inspecciones oculares, principal servicio no esencial que pueden prestar los bomberos:<\/p>\n<p><em>ART\u00cdCULO 205. TABLAS DE TARIFAS.<\/em><\/p>\n<p><em>VARIABLE DE IMPACTO<\/em><\/p>\n<table width=\"98%\">\n<tbody>\n<tr>\n<td colspan=\"2\" width=\"30%\"><em>\u00a0<\/em><\/td>\n<td width=\"11%\"><em>Impacto 1<\/em><\/td>\n<td width=\"12%\"><em>Impacto 2<\/em><\/td>\n<td width=\"12%\"><em>Impacto 3<\/em><\/td>\n<td width=\"12%\"><em>Impacto 4<\/em><\/td>\n<td width=\"12%\"><em>Impacto 5<\/em><\/td>\n<td width=\"12%\"><em>Impacto 6<\/em><\/td>\n<\/tr>\n<tr>\n<td width=\"22%\"><em>VARIABLE DE NIVEL<\/em><\/td>\n<td width=\"8%\"><em>Nivel 1<\/em><\/td>\n<td width=\"11%\"><em>$40.000<\/em><\/td>\n<td width=\"12%\"><em>$74.000<\/em><\/td>\n<td width=\"12%\"><em>$144.000<\/em><\/td>\n<td width=\"12%\"><em>$293.000<\/em><\/td>\n<td width=\"12%\"><em>$1.167.000<\/em><\/td>\n<td width=\"12%\"><em>$1.342.000<\/em><\/td>\n<\/tr>\n<tr>\n<td colspan=\"2\" width=\"30%\"><em>Nivel 2<\/em><\/td>\n<td width=\"11%\"><em>$234.000<\/em><\/td>\n<td width=\"12%\"><em>$315.000<\/em><\/td>\n<td width=\"12%\"><em>$426.000<\/em><\/td>\n<td width=\"12%\"><em>$575.000<\/em><\/td>\n<td width=\"12%\"><em>$1.400.000<\/em><\/td>\n<td width=\"12%\"><em>$1.610.000<\/em><\/td>\n<\/tr>\n<tr>\n<td colspan=\"2\" width=\"30%\"><em>Nivel 3<\/em><\/td>\n<td width=\"11%\"><em>$427.000<\/em><\/td>\n<td width=\"12%\"><em>$576.000<\/em><\/td>\n<td width=\"12%\"><em>$778.000<\/em><\/td>\n<td width=\"12%\"><em>$1.050.000<\/em><\/td>\n<td width=\"12%\"><em>$1.418.000<\/em><\/td>\n<td width=\"12%\"><em>$1.914.000<\/em><\/td>\n<\/tr>\n<tr>\n<td colspan=\"2\" width=\"30%\"><em>Nivel 4<\/em><\/td>\n<td width=\"11%\"><em>$620.000<\/em><\/td>\n<td width=\"12%\"><em>$837.000<\/em><\/td>\n<td width=\"12%\"><em>$1.130.000<\/em><\/td>\n<td width=\"12%\"><em>$1.526.000<\/em><\/td>\n<td width=\"12%\"><em>$2.060.000<\/em><\/td>\n<td width=\"12%\"><em>$2.781.000<\/em><\/td>\n<\/tr>\n<tr>\n<td colspan=\"2\" width=\"30%\"><em>Nivel 5<\/em><\/td>\n<td width=\"11%\"><em>$814.000<\/em><\/td>\n<td width=\"12%\"><em>$1.098.000<\/em><\/td>\n<td width=\"12%\"><em>$1.483.000<\/em><\/td>\n<td width=\"12%\"><em>$2.002.000<\/em><\/td>\n<td width=\"12%\"><em>$2.702.000<\/em><\/td>\n<td width=\"12%\"><em>$3.648.000<\/em><\/td>\n<\/tr>\n<tr>\n<td colspan=\"2\" width=\"30%\"><em>Nivel 6<\/em><\/td>\n<td width=\"11%\"><em>$1.007.000<\/em><\/td>\n<td width=\"12%\"><em>$1.359.000<\/em><\/td>\n<td width=\"12%\"><em>$1.835.000<\/em><\/td>\n<td width=\"12%\"><em>$2.477.000<\/em><\/td>\n<td width=\"12%\"><em>$3.344.000<\/em><\/td>\n<td width=\"12%\"><em>$4.514.000<\/em><\/td>\n<\/tr>\n<tr>\n<td width=\"160\"><\/td>\n<td width=\"59\"><\/td>\n<td width=\"81\"><\/td>\n<td width=\"88\"><\/td>\n<td width=\"88\"><\/td>\n<td width=\"88\"><\/td>\n<td width=\"88\"><\/td>\n<td width=\"82\"><\/td>\n<\/tr>\n<\/tbody>\n<\/table>\n<p>Estas variables cruzan nivel de riesgo o impacto que\u00a0 est\u00e1 contenida en la norma NFPA y el tama\u00f1o del establecimiento, con tarifas que resultan m\u00e1s justas y apropiadas a la inmensa mayor\u00eda de las \u00a0circunstancias del pa\u00eds y en particular de Cartagena, en funci\u00f3n del tama\u00f1o de los establecimientos y el impacto que ellos tienen sobre el ambiente.<\/p>\n<p>\u201c Las que actualmente est\u00e1n aplic\u00e1ndose en el Distrito y que ya no deber\u00edan estarlo desde el 2014, resultan inequitativas para el tama\u00f1o y riesgo de la inmensa mayor\u00eda de los establecimientos de comercio, y m\u00e1s a\u00fan porque est\u00e1n basadas en normas que perdieron \u00a0vigencia con la entrada en vigor de la nueva ley\u00a0 pues se est\u00e1 cobrando el servicio por nivel de activos y que deben acogerse, raz\u00f3n por la cual, hemos presentado la formal petici\u00f3n a la Administraci\u00f3n desde hace m\u00e1s de dos a\u00f1os, la cual sabemos est\u00e1 en estudio, pero a\u00fan no se expide\u201c, precis\u00f3 M\u00f3nica Fadul directora Ejecutiva Fenalco Bol\u00edvar.<\/p>\n","protected":false},"excerpt":{"rendered":"<p>Fenalco Bol\u00edvar ha venido solicitando a la Administraci\u00f3n Distrital actualice y adopte un esquema tarifario para los servicios que presta el Cuerpo de Bomberos, de manera que se racionalice el costo de estos servicios y se adec\u00faen a las disposiciones vigentes. La anterior petici\u00f3n est\u00e1 basada en la\u00a0\u00a0Ley 1575 \u00a0de 2012 por medio de la cual \u201cse establece la Ley General de Bomberos de Colombia \u201c, dicha norma en su art\u00edculo 37 se\u00f1al\u00f3 que los concejos a instancia de los alcaldes, pod\u00edan establecer sobretasas o recargos a determinados impuestos territoriales&#8230; <\/p>\n","protected":false},"author":3,"featured_media":0,"comment_status":"open","ping_status":"closed","sticky":false,"template":"","format":"standard","meta":{"footnotes":"","_links_to":"","_links_to_target":""},"categories":[3],"tags":[],"class_list":["post-19691","post","type-post","status-publish","format-standard","hentry","category-ciudad"],"_links":{"self":[{"href":"https:\/\/revistazetta.com\/index.php?rest_route=\/wp\/v2\/posts\/19691","targetHints":{"allow":["GET"]}}],"collection":[{"href":"https:\/\/revistazetta.com\/index.php?rest_route=\/wp\/v2\/posts"}],"about":[{"href":"https:\/\/revistazetta.com\/index.php?rest_route=\/wp\/v2\/types\/post"}],"author":[{"embeddable":true,"href":"https:\/\/revistazetta.com\/index.php?rest_route=\/wp\/v2\/users\/3"}],"replies":[{"embeddable":true,"href":"https:\/\/revistazetta.com\/index.php?rest_route=%2Fwp%2Fv2%2Fcomments&post=19691"}],"version-history":[{"count":0,"href":"https:\/\/revistazetta.com\/index.php?rest_route=\/wp\/v2\/posts\/19691\/revisions"}],"wp:attachment":[{"href":"https:\/\/revistazetta.com\/index.php?rest_route=%2Fwp%2Fv2%2Fmedia&parent=19691"}],"wp:term":[{"taxonomy":"category","embeddable":true,"href":"https:\/\/revistazetta.com\/index.php?rest_route=%2Fwp%2Fv2%2Fcategories&post=19691"},{"taxonomy":"post_tag","embeddable":true,"href":"https:\/\/revistazetta.com\/index.php?rest_route=%2Fwp%2Fv2%2Ftags&post=19691"}],"curies":[{"name":"wp","href":"https:\/\/api.w.org\/{rel}","templated":true}]}}