{"id":19692,"date":"2017-03-21T15:03:04","date_gmt":"2017-03-21T20:03:04","guid":{"rendered":"http:\/\/www.revistazetta.com\/?p=19692"},"modified":"2017-03-21T15:41:37","modified_gmt":"2017-03-21T20:41:37","slug":"preguntarle-santos-becas-las-farc-nada-los-jovenes-san-jacinto","status":"publish","type":"post","link":"https:\/\/revistazetta.com\/?p=19692","title":{"rendered":"Hay que preguntarle a Santos \u00bfpor qu\u00e9 hay becas para las Farc y nada para los j\u00f3venes de San Jacinto?"},"content":{"rendered":"<p>En visita del senador Fernando Ara\u00fajo a San Jacinto, Bol\u00edvar, esta comunidad manifest\u00f3 estar preocupada por la inseguridad y la falta de oportunidades laborales y de estudio para los j\u00f3venes.<\/p>\n<p>El legislador cuestion\u00f3, que mientras en San Jacinto hay m\u00e1s de 100 j\u00f3venes que son mototaxistas porque no encuentran m\u00e1s trabajo, a guerrilleros de las Farc les ofrecen becas para estudiar medicina, adem\u00e1s de salario, impunidad y financiaci\u00f3n para hacer pol\u00edtica.<\/p>\n<p>\u00abHay que preguntarle a Santos, \u00bfpor qu\u00e9 hay becas para las Farc y nada para los j\u00f3venes de San Jacinto?, \u00bfPor qu\u00e9 Cuba no ofreci\u00f3 las becas antes?, \u00bfPor qu\u00e9 Cuba ofrece becas a los miembros de las Farc?\u00bb, expres\u00f3.<\/p>\n<p>Ara\u00fajo repar\u00f3 que mientras 1.200 miembros de las Farc, van a ser contratados por el gobierno en la Unidad Nacional de Protecci\u00f3n \u2013 UNP, a los militares les recortan sus beneficios.<\/p>\n<p>\u00abOtro tanto van a conformar empresas de vigilancia, mientras a las empresas serias les ponen m\u00e1s impuestos y trabas, lo que dificulta las oportunidades laborales para los j\u00f3venes\u00bb, dijo.<\/p>\n<p>\u00abAhora resulta que mil guerrilleros ser\u00e1n m\u00e9dicos, mientras que los j\u00f3venes de Colombia viven las penurias del desempleo\u00bb, concluy\u00f3.<\/p>\n","protected":false},"excerpt":{"rendered":"<p>En visita del senador Fernando Ara\u00fajo a San Jacinto, Bol\u00edvar, esta comunidad manifest\u00f3 estar preocupada por la inseguridad y la falta de oportunidades laborales y de estudio para los j\u00f3venes. El legislador cuestion\u00f3, que mientras en San Jacinto hay m\u00e1s de 100 j\u00f3venes que son mototaxistas porque no encuentran m\u00e1s trabajo, a guerrilleros de las Farc les ofrecen becas para estudiar medicina, adem\u00e1s de salario, impunidad y financiaci\u00f3n para hacer pol\u00edtica. \u00abHay que preguntarle a Santos, \u00bfpor qu\u00e9 hay becas para las Farc y nada para los j\u00f3venes de San&#8230; <\/p>\n","protected":false},"author":3,"featured_media":19696,"comment_status":"open","ping_status":"closed","sticky":false,"template":"","format":"standard","meta":{"footnotes":"","_links_to":"","_links_to_target":""},"categories":[4],"tags":[],"class_list":["post-19692","post","type-post","status-publish","format-standard","has-post-thumbnail","hentry","category-politica"],"_links":{"self":[{"href":"https:\/\/revistazetta.com\/index.php?rest_route=\/wp\/v2\/posts\/19692","targetHints":{"allow":["GET"]}}],"collection":[{"href":"https:\/\/revistazetta.com\/index.php?rest_route=\/wp\/v2\/posts"}],"about":[{"href":"https:\/\/revistazetta.com\/index.php?rest_route=\/wp\/v2\/types\/post"}],"author":[{"embeddable":true,"href":"https:\/\/revistazetta.com\/index.php?rest_route=\/wp\/v2\/users\/3"}],"replies":[{"embeddable":true,"href":"https:\/\/revistazetta.com\/index.php?rest_route=%2Fwp%2Fv2%2Fcomments&post=19692"}],"version-history":[{"count":0,"href":"https:\/\/revistazetta.com\/index.php?rest_route=\/wp\/v2\/posts\/19692\/revisions"}],"wp:featuredmedia":[{"embeddable":true,"href":"https:\/\/revistazetta.com\/index.php?rest_route=\/wp\/v2\/media\/19696"}],"wp:attachment":[{"href":"https:\/\/revistazetta.com\/index.php?rest_route=%2Fwp%2Fv2%2Fmedia&parent=19692"}],"wp:term":[{"taxonomy":"category","embeddable":true,"href":"https:\/\/revistazetta.com\/index.php?rest_route=%2Fwp%2Fv2%2Fcategories&post=19692"},{"taxonomy":"post_tag","embeddable":true,"href":"https:\/\/revistazetta.com\/index.php?rest_route=%2Fwp%2Fv2%2Ftags&post=19692"}],"curies":[{"name":"wp","href":"https:\/\/api.w.org\/{rel}","templated":true}]}}