{"id":19719,"date":"2017-03-27T06:45:56","date_gmt":"2017-03-27T11:45:56","guid":{"rendered":"http:\/\/www.revistazetta.com\/?p=19719"},"modified":"2017-03-27T08:39:07","modified_gmt":"2017-03-27T13:39:07","slug":"planton-caravana-cartageneros-rechazaron-presencia-timochencko","status":"publish","type":"post","link":"https:\/\/revistazetta.com\/?p=19719","title":{"rendered":"Con plant\u00f3n y caravana cartageneros rechazaron presencia de \u00abTimochencko\u00bb"},"content":{"rendered":"<p>Con plant\u00f3n y caravana los cartageneros rechazaron este fin de semana la visita del jefe guerrillero alias Timochencko a Cartagena. As\u00ed mismo, invitaron a los ciudadanos a marchar este 1 de abril desde el parque Apolo a las 8:00 de la ma\u00f1ana.<\/p>\n<p>\u201cEsto es una burla contra la ciudad de Cartagena, estos se\u00f1ores que ni siquiera han entregado a los ni\u00f1os reclutados, no han dicho la verdad, no han dejado las armas, quieren venir a la ciudad como si fueran ilustres personajes, pues no, aqu\u00ed no los queremos, por eso invitamos a marchar el 1 de abril en contra de toda esta farsa\u201d, expres\u00f3 una de las organizadoras.<\/p>\n<p>El plant\u00f3n tuvo lugar en el Centro Hist\u00f3rico el d\u00eda s\u00e1bado, mientras que la caravana se realiz\u00f3 hoy domingo por diferentes avenidas de la ciudad.<\/p>\n<p><strong>Senador Ara\u00fajo solicita al Concejo de Cartagena declarar persona no grata a Tomochencko<\/strong><\/p>\n<p>A trav\u00e9s de una carta dirigida a Lewis Montero, presidente del Concejo Distrital de Cartagena, el senador bolivarense Fernando Ara\u00fajo solicit\u00f3 a esta corporaci\u00f3n declarar al jefe guerrillero, Timochenko, persona no grata, hasta tanto se desmovilice el \u00faltimo de los guerrilleros, liberen a todos los menores reclutados ilegalmente, esclarezcan el paradero de los desaparecidos, reparen a las v\u00edctimas y entreguen sus armas.<\/p>\n<p>En la misiva el legislador explica que \u201cel grupo narco terrorista de las Farc, a pesar de haber firmado un acuerdo con el actual gobierno, se sigue burlando de los colombianos. A\u00fan conservan en sus filas, privados de la libertad, a miles de ni\u00f1os y adultos reclutados a la fuerza. Hasta la fecha, no han se\u00f1alado, ni al gobierno, ni a la organizaci\u00f3n de Naciones Unidas, ni a la opini\u00f3n p\u00fablica, el inventario con los seriales de las armas que pretenden entregar\u201d.<\/p>\n<p>As\u00ed\u00a0 mismo, expres\u00f3 \u201cen este momento, m\u00e1s de setecientas familias no conocen el paradero de sus seres queridos porque fueron asesinados o secuestrados por esta organizaci\u00f3n ilegal. Es la fecha y a\u00fan las Farc no han presentado ante las autoridades un resumen detallado de sus bienes y siguen eludiendo la responsabilidad de reparar a las v\u00edctimas\u201d.<\/p>\n<p>\u201cApreciado concejal, ante esta realidad, Cartagena no puede ser indiferente. Esta es una ciudad con tradici\u00f3n heroica en defensa de los valores que forjaron la Rep\u00fablica. Por esta raz\u00f3n, en tono respetuoso, le pido a la corporaci\u00f3n que usted preside, declarar persona no grata en Cartagena, al se\u00f1or Rodrigo Londo\u00f1o, hasta cuando no se desmovilice el \u00faltimo de los guerrilleros, liberen el \u00faltimo de los menores reclutados ilegalmente, esclarezcan el paradero de todos los desaparecidos, reparen a las v\u00edctimas y entreguen sus armas\u201d, cit\u00f3 en la misiva.<\/p>\n<p>Por \u00faltimo, escribi\u00f3 \u201cque sepan los terroristas que aqu\u00ed no son bienvenidos. Que comprendan que Cartagena se gan\u00f3 el t\u00edtulo de heroica defendiendo la libertad contra la opresi\u00f3n totalitaria. La patria entera, le reconocer\u00e1 su coraje y valent\u00eda\u201d.<\/p>\n","protected":false},"excerpt":{"rendered":"<p>Con plant\u00f3n y caravana los cartageneros rechazaron este fin de semana la visita del jefe guerrillero alias Timochencko a Cartagena. As\u00ed mismo, invitaron a los ciudadanos a marchar este 1 de abril desde el parque Apolo a las 8:00 de la ma\u00f1ana. \u201cEsto es una burla contra la ciudad de Cartagena, estos se\u00f1ores que ni siquiera han entregado a los ni\u00f1os reclutados, no han dicho la verdad, no han dejado las armas, quieren venir a la ciudad como si fueran ilustres personajes, pues no, aqu\u00ed no los queremos, por eso&#8230; <\/p>\n","protected":false},"author":3,"featured_media":19722,"comment_status":"open","ping_status":"closed","sticky":false,"template":"","format":"standard","meta":{"footnotes":"","_links_to":"","_links_to_target":""},"categories":[4,75],"tags":[],"class_list":["post-19719","post","type-post","status-publish","format-standard","has-post-thumbnail","hentry","category-politica","category-destacada"],"_links":{"self":[{"href":"https:\/\/revistazetta.com\/index.php?rest_route=\/wp\/v2\/posts\/19719","targetHints":{"allow":["GET"]}}],"collection":[{"href":"https:\/\/revistazetta.com\/index.php?rest_route=\/wp\/v2\/posts"}],"about":[{"href":"https:\/\/revistazetta.com\/index.php?rest_route=\/wp\/v2\/types\/post"}],"author":[{"embeddable":true,"href":"https:\/\/revistazetta.com\/index.php?rest_route=\/wp\/v2\/users\/3"}],"replies":[{"embeddable":true,"href":"https:\/\/revistazetta.com\/index.php?rest_route=%2Fwp%2Fv2%2Fcomments&post=19719"}],"version-history":[{"count":0,"href":"https:\/\/revistazetta.com\/index.php?rest_route=\/wp\/v2\/posts\/19719\/revisions"}],"wp:featuredmedia":[{"embeddable":true,"href":"https:\/\/revistazetta.com\/index.php?rest_route=\/wp\/v2\/media\/19722"}],"wp:attachment":[{"href":"https:\/\/revistazetta.com\/index.php?rest_route=%2Fwp%2Fv2%2Fmedia&parent=19719"}],"wp:term":[{"taxonomy":"category","embeddable":true,"href":"https:\/\/revistazetta.com\/index.php?rest_route=%2Fwp%2Fv2%2Fcategories&post=19719"},{"taxonomy":"post_tag","embeddable":true,"href":"https:\/\/revistazetta.com\/index.php?rest_route=%2Fwp%2Fv2%2Ftags&post=19719"}],"curies":[{"name":"wp","href":"https:\/\/api.w.org\/{rel}","templated":true}]}}