{"id":19745,"date":"2017-03-28T06:59:04","date_gmt":"2017-03-28T11:59:04","guid":{"rendered":"http:\/\/www.revistazetta.com\/?p=19745"},"modified":"2017-03-28T07:43:17","modified_gmt":"2017-03-28T12:43:17","slug":"vuelve-juega-concejo-senala-sacsa-deber-90-mil-millones-impuestos","status":"publish","type":"post","link":"https:\/\/revistazetta.com\/?p=19745","title":{"rendered":"Vuelve y juega: Concejo se\u00f1ala a SACSA de deber $75 mil millones en impuestos"},"content":{"rendered":"<p>El Concejo de Cartagena volvi\u00f3 a cobrarle a la Sociedad Aeroportuaria de la Costa -SACSA- que opera el aeropuerto Rafael N\u00fa\u00f1ez, una deuda de $75 mil millones por impuestos distritales, lo que siempre ha refutado la entidad privada.<\/p>\n<p>El concejal Vicente Blel Scaff propuso\u00a0citar al Secretario de Hacienda del Distrito y a la Secretaria de Planeaci\u00f3n para que respondan un amplio cuestionario consignado en la proposici\u00f3n 029:<\/p>\n<p>\u201cMe llam\u00f3 mucho la atenci\u00f3n que cuando el se\u00f1or alcalde, Manuel Vicente Duque, recibi\u00f3 la grata noticia del traslado de la Base Naval, le hizo saber al presidente Santos la necesidad de ejecutar cuanto antes las obras de protecci\u00f3n costera y los drenajes pluviales, pues se requer\u00eda el apoyo estatal. En el primer tema, el Presidente nos hizo saber que una vez se traslade el aeropuerto Rafael N\u00fa\u00f1ez con la venta de ese predio se inician las obras de protecci\u00f3n costera, pero hoy nos llevamos la sorpresa es que el mayor acreedor del Distrito de Cartagena es la Sociedad Aeroportuaria de la Costa (Sacsa), una empresa que adeuda m\u00e1s de 75 mil millones de pesos en impuesto predial. No queremos que la Naci\u00f3n nos regale algo, sino que cumpla con lo que establece la Ley 768 y la Ley 1617 que es que los predios que sean del Estado, y que sean explotados por particulares, como es el caso de Sacsa paguen el impuesto predial. De igual forma, requerimos que Sacsa cancele lo que adeuda y tambi\u00e9n el Ministerio de Transporte,\u00a0 que adeuda en predial 15.000 millones a la ciudad\u201d, precis\u00f3 Vicente Blel Scaff.<\/p>\n<p>Al respecto, el concejal Javier Curi Osorio pidi\u00f3 a las autoridades distritales cumplan con el acuerdo que permite negociar los bald\u00edos, muchos de los cuales est\u00e1n en manos de particulares. \u201cAh\u00ed est\u00e1 una fuente de financiaci\u00f3n para las obras que la ciudad requiere\u201d, dijo.<\/p>\n<p>&nbsp;<\/p>\n<p><strong>\u201cNo m\u00e1s plata al Real Cartagena\u201d<\/strong><\/p>\n<p>Por su parte, el concejal, Eric Pi\u00f1a, pidi\u00f3 p\u00fablicamente al alcalde, Manuel Vicente Duque y al gobernador de Bol\u00edvar, Dumek Turbay, no le entreguen m\u00e1s recursos al equipo de f\u00fatbol Real Cartagena. \u201cYa se perdi\u00f3 la \u00a0temporada, y el Real Cartagena no va a clasificar, pues le quedan ocho partidos y debe ganar siete para clasificar, lo cual es imposible. Por en\u00e9sima vez citaremos a las autoridades, jugadores, hinchas y miembros de la familia Rend\u00f3n propietaria del equipo para que nos expliquen en qu\u00e9 invierten la plata de la Dimayor, y los recursos que les entrega el Distrito\u201d, dijo Pi\u00f1a.<\/p>\n<p>El concejal, David Caballero, respald\u00f3 a Pi\u00f1a y \u00a0solicit\u00f3 al Alcalde que no le prestara m\u00e1s el estadio al Real Cartagena.<\/p>\n<p>Por \u00faltimo, el concejal, Ronald Fortich, habl\u00f3 de la falta de parqueaderos que existe en el centro de la ciudad y mostr\u00f3 una foto del edificio \u00a0cine de La Matuna, propiedad del Distrito, \u00a0indicando que puede ser refaccionado y convertido en una soluci\u00f3n para el parqueo.<\/p>\n<p><strong>Debate<\/strong><\/p>\n<p>Ma\u00f1ana martes 28 de marzo, est\u00e1 programada la\u00a0Audiencia P\u00fablica del Proyecto de Acuerdo No.\u00a0<strong><u>051<\/u><\/strong>\u00a0 donde se le entregan facultades al Presidente del Concejo para reorganizar la estructura de la Corporaci\u00f3n), Acuerdo\u00a0<strong>052<\/strong>\u00a0(Adaptaci\u00f3n Ley de Sitio) y\u00a0<strong><u>053<\/u><\/strong>\u00a0(Incentivos Tributarios a construcciones de centros de rehabilitaci\u00f3n).<\/p>\n<p>&nbsp;<\/p>\n","protected":false},"excerpt":{"rendered":"<p>El Concejo de Cartagena volvi\u00f3 a cobrarle a la Sociedad Aeroportuaria de la Costa -SACSA- que opera el aeropuerto Rafael N\u00fa\u00f1ez, una deuda de $75 mil millones por impuestos distritales, lo que siempre ha refutado la entidad privada. El concejal Vicente Blel Scaff propuso\u00a0citar al Secretario de Hacienda del Distrito y a la Secretaria de Planeaci\u00f3n para que respondan un amplio cuestionario consignado en la proposici\u00f3n 029: \u201cMe llam\u00f3 mucho la atenci\u00f3n que cuando el se\u00f1or alcalde, Manuel Vicente Duque, recibi\u00f3 la grata noticia del traslado de la Base Naval,&#8230; <\/p>\n","protected":false},"author":3,"featured_media":19748,"comment_status":"open","ping_status":"closed","sticky":false,"template":"","format":"standard","meta":{"footnotes":"","_links_to":"","_links_to_target":""},"categories":[4,27,75],"tags":[],"class_list":["post-19745","post","type-post","status-publish","format-standard","has-post-thumbnail","hentry","category-politica","category-politicaconcejo","category-destacada"],"_links":{"self":[{"href":"https:\/\/revistazetta.com\/index.php?rest_route=\/wp\/v2\/posts\/19745","targetHints":{"allow":["GET"]}}],"collection":[{"href":"https:\/\/revistazetta.com\/index.php?rest_route=\/wp\/v2\/posts"}],"about":[{"href":"https:\/\/revistazetta.com\/index.php?rest_route=\/wp\/v2\/types\/post"}],"author":[{"embeddable":true,"href":"https:\/\/revistazetta.com\/index.php?rest_route=\/wp\/v2\/users\/3"}],"replies":[{"embeddable":true,"href":"https:\/\/revistazetta.com\/index.php?rest_route=%2Fwp%2Fv2%2Fcomments&post=19745"}],"version-history":[{"count":0,"href":"https:\/\/revistazetta.com\/index.php?rest_route=\/wp\/v2\/posts\/19745\/revisions"}],"wp:featuredmedia":[{"embeddable":true,"href":"https:\/\/revistazetta.com\/index.php?rest_route=\/wp\/v2\/media\/19748"}],"wp:attachment":[{"href":"https:\/\/revistazetta.com\/index.php?rest_route=%2Fwp%2Fv2%2Fmedia&parent=19745"}],"wp:term":[{"taxonomy":"category","embeddable":true,"href":"https:\/\/revistazetta.com\/index.php?rest_route=%2Fwp%2Fv2%2Fcategories&post=19745"},{"taxonomy":"post_tag","embeddable":true,"href":"https:\/\/revistazetta.com\/index.php?rest_route=%2Fwp%2Fv2%2Ftags&post=19745"}],"curies":[{"name":"wp","href":"https:\/\/api.w.org\/{rel}","templated":true}]}}