{"id":19746,"date":"2017-03-28T07:01:55","date_gmt":"2017-03-28T12:01:55","guid":{"rendered":"http:\/\/www.revistazetta.com\/?p=19746"},"modified":"2017-03-28T07:07:27","modified_gmt":"2017-03-28T12:07:27","slug":"andres-landero-abuelo-opinion-luis-adolfo-payares","status":"publish","type":"post","link":"https:\/\/revistazetta.com\/?p=19746","title":{"rendered":"Andr\u00e9s Landero y mi abuelo &#8211; Opini\u00f3n de Luis Adolfo Payares"},"content":{"rendered":"<p><strong><em><span style=\"color: #0000ff;\">Por Luis Adolfo Payares (Especial para Revista Zetta).-<\/span> \u201cAndr\u00e9s Gregorio Landero Guerra, nacido en Sn Jacinto, de cuna humilde como yo\u2026campesino y con arraigo popular se levant\u00f3\u2026no quiso labrar la tierra, porque de una acorde\u00f3n se enamor\u00f3\u2026\u201d\u00a0<\/em><\/strong><\/p>\n<p>As\u00ed comenzaba a decimar mi abuelo siempre que estaba a punto de sucumbir, bajo la estocada de varias botellas del \u201cviejo parr\u201d.\u00a0 El viejo fue un fan\u00e1tico de Landero, en su discoteca sonaban los domingos con sus amigos la PAVA CONGONA, y otros \u00e9xitos que acompa\u00f1aban sus tardes domingueras. \u201cUepaaa, dec\u00eda de manera incesante al tiempo que contaba su encuentro con un tigre en los montes de maria<strong><em>\u2026\u201d Vea compae pello, de ida para Turbaco, yo tra\u00eda el \u201cganao\u201d del difunto Pedro Cabarcas, salimos de san Jacinto y me adentr\u00e9 por toda la trocha y cuando eran como las 5 de la tarde se me apareci\u00f3 una animal como un tigre, yo trat\u00e9 de agarrar el machete pero de repente aparecieron dos pavas congonas y levantaron a picotazos al tigre\u2026f\u00edjese usted, y el animal sali\u00f3 corriendo, de all\u00ed en adelante yo \u201cjuggu\u00e9\u201d \u201cel ganao\u201d y de all\u00ed no supe de m\u00ed hasta que llegu\u00e9 a la finca de Pello cabarcas\u2026 eso fue tronco de susto compae pello\u2026<\/em><\/strong>Sal\u00eda una historia tras otra, y le preguntaba a Julio Zarate su primo\u2026\u201dOye Julio cu\u00e9ntale la vez que estuvimos donde Landero..<\/p>\n<p>&#8211;\u00a0\u00a0\u00a0\u00a0\u00a0\u00a0\u00a0\u00a0\u00a0\u00a0<strong><em>\u00a1 Hombe..! vea, esa si fue una vaina buena, resulta y pasa que \u00edbamos para donde los Lora, que ten\u00edan que traer un ganao aqu\u00ed \u201ccecquita\u201d, yo les dije, yo les traigo el ganao pero ll\u00e9venme donde Landero\u2026 As\u00ed fue llegamos donde el, se aprestaba para un toque, y nos dijo: Ya me han \u201chablao\u201d de ustedes dos, son los vaqueros de los Lora..? Por supuesto, -le ripost\u00e9 \u2013 de inmediato nos dijo, me acaban de decir que muri\u00f3 Eduardo Lora, y estoy aqu\u00ed con una ganas de beber ron, pero de la tristeza que tengo, hasta el acorde\u00f3n est\u00e1 llorando\u2026C\u00f3mo va ser..!! exhal\u00f3 el viejo Julio Zarate, quien le dijo de inmediato: Oye Landero y LO SABROSO QUE ES MORIR BORRACHO..!<\/em><\/strong><\/p>\n<p>Seg\u00fan mi abuelo y del propio Julio, esa estrofa del canto a Eduardo Lora se la dio el mismo, en este encuentro, al poco tiempo se enteraron del suceso y el mismo Landero se los dijo en la casa de m\u00ed a abuelo poco tiempo despu\u00e9s.<\/p>\n<p>&nbsp;<\/p>\n<p>Julio Zarate era un eximio vaquero, en una ocasi\u00f3n dicen que en Turbaco pudo matar a un toro cimarr\u00f3n d\u00e1ndole con el pu\u00f1o en toda la sien, de esos hay testigos, dec\u00eda el:\u00a0<strong><em>Est\u00e1 el difundo Pedro Cabarcas y Julio Pe\u00f1aranda, que est\u00e1 vivo todav\u00eda, vaya a buscarlo en la calle del coco en Turbaco y ver\u00e1 que es cierto\u2026\u201d Y les voy a decir otra cosa hablando de Landero: EL apellido Landero es Franc\u00e9s, el original es LANDREAU, el cual hace parte de la genealog\u00eda real francesa, yo creo que el hombre tiene ascendencia de por all\u00e1 de la otra \u201cbolita del mundo\u201d. Lo que pasa es que cuando llegan estos apellidos a Colombia y a cualquier pa\u00eds donde se habla espa\u00f1ol, es deformado por la costumbre y le dan otra escritura..\u201d<\/em><\/strong><\/p>\n<p>Anda pal carajo..! exclamaba el mismo d\u00e1ndoselas de intelectual. Si hab\u00eda alguien que pudiera hablar en este tiempo de Landero, son precisamente estos dos personajes, los cuales desenfudaban cada historia alrededor de ellos y de este juglar de la m\u00fasica coste\u00f1a.<\/p>\n<p><strong><em>\u201cLandero, lo que no sabe mucha gente sobrino, dec\u00eda con autoridad, es que tiene herencia musical, su padre, aunque creo que era de apellido Guerra, no era Landero , la Landero era la \u201cmae\u201d, fue gaitero, disc\u00edpulo nada mas ni nada menos que de To\u00f1o Fernandez, el cual conoc\u00ed en una de mis correr\u00edas cuando se me apareci\u00f3 la virgen de la Candelaria en el cerro de Mako\u2026- C\u00f3mo as\u00ed ese cuento no me lo se..- le dijo Tio pello &#8211; \u00a0\u00a0\u201cpues\u00ed\u201d, fig\u00farate Tio Pello que ven\u00eda bajando por una trocha y yo ve\u00eda \u201ccecquita\u201d el cerro de Mako, y ven\u00eda cantando, una estrofa de la canci\u00f3n Virgen de la candelaria, del propio Landero, y depronto sent\u00ed un resplandor en mis ojos, y la v\u00ed, estaba igualita como esta en la popa, as\u00ed morenita y vestida\u2026 yo me asust\u00e9 y dije..Anda virgencita gracias por venir a ver este hombre maluco..! oye y pa decir verdad, se ri\u00f3 y se desapareci\u00f3\u2026!<\/em><\/strong><\/p>\n<p><strong><em>\u00a0<\/em><\/strong><\/p>\n<p>Todo iba bien hasta que se acab\u00f3 el ultimo trago de whiskey que estaba en la botella, cuando cada quien estaba en el\u00a0 extasis de la cuenter\u00eda y de las an\u00e9cdotas que se disipaban con el olor a tabaco, que emanaba de las narices de Julio y de mi abuelo. De repente Julio Zarate se \u201cespant\u00f3\u201d, como cuando se baila fandango, y dijo: \u201cErdaaa carajo y que pas\u00f3 Payares Campo..? Mi abuelo le respondi\u00f3: \u201cLa tierra que piso y el polvo que levanto..\u201d Tu que crees que yo compro solo una botella, yo compro por cajas as\u00ed que ya voy por la otra\u2026<\/p>\n<p>Las risas ven\u00edan y se iban al pasar de las horas que acumulaban pensamientos eternos de los ancestros, cada quien los orgnizaba de manera tal que parec\u00edan sacados del mas rec\u00f3ndito realismo m\u00e1gico. Julio Zarate muri\u00f3 hace varios a\u00f1os, y a uno de sus amigos, le dijo que el dia de su funeral, quer\u00eda que le cantaran dos canciones de Landeros \u00fanicamente.<\/p>\n<p>Consegu\u00ed hablar con \u00e9l, se llama Pedro Zarate, que es tambi\u00e9n primo de mi abuela, y me dijo: ..<strong><em>El dia del entierro de Julio hab\u00edan dos conjuntos vallenatos, yo los v\u00ed, cada uno interpret\u00f3 una canci\u00f3n de Landero..La Pava Congona y La Virgen de la Candelaria, as\u00ed fue la cosa\u2026y lo que mas me llam\u00f3 la atenci\u00f3n fue una corona, que nadie sab\u00eda quien la envi\u00f3..vea dec\u00eda: \u201cSABROSO QUE ES MORIR BORRACHO\u201d, yo trat\u00e9 de averiguar quien hab\u00eda enviado esa corona pero nadie me dio raz\u00f3n vea..le pregunt\u00e9 a sus hijos, a sus mujeres, pero nadie supo, y hasta el dia de hoy despu\u00e9s de casi dos a\u00f1os de fallecido, nadie sabe de donde sali\u00f3 esa corona.<\/em><\/strong><\/p>\n<p><strong><em>Dicen los que conocen, que quiz\u00e1s fue el mismo Landero que se la mando del mas all\u00e1\u2026<\/em><\/strong><\/p>\n","protected":false},"excerpt":{"rendered":"<p>Por Luis Adolfo Payares (Especial para Revista Zetta).- \u201cAndr\u00e9s Gregorio Landero Guerra, nacido en Sn Jacinto, de cuna humilde como yo\u2026campesino y con arraigo popular se levant\u00f3\u2026no quiso labrar la tierra, porque de una acorde\u00f3n se enamor\u00f3\u2026\u201d\u00a0 As\u00ed comenzaba a decimar mi abuelo siempre que estaba a punto de sucumbir, bajo la estocada de varias botellas del \u201cviejo parr\u201d.\u00a0 El viejo fue un fan\u00e1tico de Landero, en su discoteca sonaban los domingos con sus amigos la PAVA CONGONA, y otros \u00e9xitos que acompa\u00f1aban sus tardes domingueras. \u201cUepaaa, dec\u00eda de manera&#8230; <\/p>\n","protected":false},"author":3,"featured_media":19747,"comment_status":"open","ping_status":"closed","sticky":false,"template":"","format":"standard","meta":{"footnotes":"","_links_to":"","_links_to_target":""},"categories":[75,44,65],"tags":[],"class_list":["post-19746","post","type-post","status-publish","format-standard","has-post-thumbnail","hentry","category-destacada","category-materiagris","category-opinion"],"_links":{"self":[{"href":"https:\/\/revistazetta.com\/index.php?rest_route=\/wp\/v2\/posts\/19746","targetHints":{"allow":["GET"]}}],"collection":[{"href":"https:\/\/revistazetta.com\/index.php?rest_route=\/wp\/v2\/posts"}],"about":[{"href":"https:\/\/revistazetta.com\/index.php?rest_route=\/wp\/v2\/types\/post"}],"author":[{"embeddable":true,"href":"https:\/\/revistazetta.com\/index.php?rest_route=\/wp\/v2\/users\/3"}],"replies":[{"embeddable":true,"href":"https:\/\/revistazetta.com\/index.php?rest_route=%2Fwp%2Fv2%2Fcomments&post=19746"}],"version-history":[{"count":0,"href":"https:\/\/revistazetta.com\/index.php?rest_route=\/wp\/v2\/posts\/19746\/revisions"}],"wp:featuredmedia":[{"embeddable":true,"href":"https:\/\/revistazetta.com\/index.php?rest_route=\/wp\/v2\/media\/19747"}],"wp:attachment":[{"href":"https:\/\/revistazetta.com\/index.php?rest_route=%2Fwp%2Fv2%2Fmedia&parent=19746"}],"wp:term":[{"taxonomy":"category","embeddable":true,"href":"https:\/\/revistazetta.com\/index.php?rest_route=%2Fwp%2Fv2%2Fcategories&post=19746"},{"taxonomy":"post_tag","embeddable":true,"href":"https:\/\/revistazetta.com\/index.php?rest_route=%2Fwp%2Fv2%2Ftags&post=19746"}],"curies":[{"name":"wp","href":"https:\/\/api.w.org\/{rel}","templated":true}]}}