{"id":19757,"date":"2017-03-29T14:33:54","date_gmt":"2017-03-29T19:33:54","guid":{"rendered":"http:\/\/www.revistazetta.com\/?p=19757"},"modified":"2017-03-29T14:33:54","modified_gmt":"2017-03-29T19:33:54","slug":"timochenko-lleva-164-anos-condenas-lo-quieren-tratar-huesped-ilustre-senador-araujo-respuesta-al-concejo","status":"publish","type":"post","link":"https:\/\/revistazetta.com\/?p=19757","title":{"rendered":"Timochenko lleva 164 a\u00f1os de condenas y lo quieren tratar como hu\u00e9sped ilustre: senador Ara\u00fajo en respuesta al Concejo"},"content":{"rendered":"<p>Ante la negativa del Concejo Distrital de Cartagena de declarar persona no grata a Rodrigo Londo\u00f1o, alias Timochencko, jefe guerrillero de las Farc, el senador Fernando Ara\u00fajo asegur\u00f3 que no queda otro camino que seguir en la calle con resistencia civil pac\u00edfica, manifestando el inconformismo por el tratamiento que le otorga el presidente Juan Manuel Santos a los terroristas.<\/p>\n<p>\u201cAgradezco la r\u00e1pida respuesta del concejal Lewis Montero, quien como Presidente act\u00faa en nombre de esa corporaci\u00f3n. Entiendo el anhelo de paz de los concejales, igual al de casi todos los colombianos, incluidos los ciudadanos que votamos NO en el plebiscito\u201d, dijo.<\/p>\n<p>As\u00ed mismo, manifest\u00f3 que es extra\u00f1a la interpretaci\u00f3n de negar la declaratoria de persona no grata \u201cal mayor criminal del pa\u00eds, el patr\u00f3n de la guerra, el responsable del conflicto armado, cuando en el pesado se ha hecho con otras personas. Rodrigo Londo\u00f1o, no es y jam\u00e1s ser\u00e1 garant\u00eda de paz para Colombia\u00bb.<\/p>\n<p>Cabe anotar que el jefe guerrillero ha sido condenado a m\u00e1s de 164 a\u00f1os de c\u00e1rcel por los siguientes hechos: A 40 a\u00f1os por perpetrar un atentado en 1998 contra una base militar; a 34 a\u00f1os por el ataque contra el municipio de Gigante (Huila); a 25 a\u00f1os por el asesinato de monse\u00f1or Isaias Duarte; a 27 a\u00f1os por el delito de secuestro, y a 38 a\u00f1os por el asesinato de Consuelo Ara\u00fajo Noguera, &#8216;La Cacica&#8217;, entre otras, hechos por los cuales no pagar\u00e1 un solo d\u00eda de c\u00e1rcel y ser\u00e1 premiado como hu\u00e9sped ilustre de la patria.<\/p>\n<p>\u201cDeclarar persona no grata al se\u00f1or Timochenko, no puede ser interpretado como una afrenta contra la calidad hospitalaria de Cartagena, tiene que ser vista como una defensa de los principios que nos conducir\u00e1n a la verdadera paz, los valores que sostendr\u00e1n la paz en el futuro, los mismos que liberaron a Cartagena del yugo totalitario\u201d, puntualiz\u00f3.<\/p>\n<p>Por \u00faltimo, afirm\u00f3 que ante la negativa del Concejo de declarar persona no grata al se\u00f1or Timochenko, \u201cA los ciudadanos que seguimos defendiendo la dignidad, la democracia, la libertad y que aspiramos a la paz real, no nos queda m\u00e1s camino que seguir en la calle, la resistencia civil pac\u00edfica, manifestando nuestro inconformismo por el tratamiento que le otorga Santos a los terroristas\u201d.<\/p>\n","protected":false},"excerpt":{"rendered":"<p>Ante la negativa del Concejo Distrital de Cartagena de declarar persona no grata a Rodrigo Londo\u00f1o, alias Timochencko, jefe guerrillero de las Farc, el senador Fernando Ara\u00fajo asegur\u00f3 que no queda otro camino que seguir en la calle con resistencia civil pac\u00edfica, manifestando el inconformismo por el tratamiento que le otorga el presidente Juan Manuel Santos a los terroristas. \u201cAgradezco la r\u00e1pida respuesta del concejal Lewis Montero, quien como Presidente act\u00faa en nombre de esa corporaci\u00f3n. Entiendo el anhelo de paz de los concejales, igual al de casi todos los&#8230; <\/p>\n","protected":false},"author":3,"featured_media":0,"comment_status":"open","ping_status":"closed","sticky":false,"template":"","format":"standard","meta":{"footnotes":"","_links_to":"","_links_to_target":""},"categories":[75,4],"tags":[],"class_list":["post-19757","post","type-post","status-publish","format-standard","hentry","category-destacada","category-politica"],"_links":{"self":[{"href":"https:\/\/revistazetta.com\/index.php?rest_route=\/wp\/v2\/posts\/19757","targetHints":{"allow":["GET"]}}],"collection":[{"href":"https:\/\/revistazetta.com\/index.php?rest_route=\/wp\/v2\/posts"}],"about":[{"href":"https:\/\/revistazetta.com\/index.php?rest_route=\/wp\/v2\/types\/post"}],"author":[{"embeddable":true,"href":"https:\/\/revistazetta.com\/index.php?rest_route=\/wp\/v2\/users\/3"}],"replies":[{"embeddable":true,"href":"https:\/\/revistazetta.com\/index.php?rest_route=%2Fwp%2Fv2%2Fcomments&post=19757"}],"version-history":[{"count":0,"href":"https:\/\/revistazetta.com\/index.php?rest_route=\/wp\/v2\/posts\/19757\/revisions"}],"wp:attachment":[{"href":"https:\/\/revistazetta.com\/index.php?rest_route=%2Fwp%2Fv2%2Fmedia&parent=19757"}],"wp:term":[{"taxonomy":"category","embeddable":true,"href":"https:\/\/revistazetta.com\/index.php?rest_route=%2Fwp%2Fv2%2Fcategories&post=19757"},{"taxonomy":"post_tag","embeddable":true,"href":"https:\/\/revistazetta.com\/index.php?rest_route=%2Fwp%2Fv2%2Ftags&post=19757"}],"curies":[{"name":"wp","href":"https:\/\/api.w.org\/{rel}","templated":true}]}}