{"id":19840,"date":"2017-04-05T07:36:07","date_gmt":"2017-04-05T12:36:07","guid":{"rendered":"http:\/\/www.revistazetta.com\/?p=19840"},"modified":"2017-04-05T14:59:27","modified_gmt":"2017-04-05T19:59:27","slug":"gas-natural-busca-ocupar-primer-lugar-la-canasta-energetica-del-pais","status":"publish","type":"post","link":"https:\/\/revistazetta.com\/?p=19840","title":{"rendered":"El gas natural busca ocupar el primer lugar de la canasta energ\u00e9tica del pa\u00eds"},"content":{"rendered":"<div id=\"attachment_19856\" style=\"width: 210px\" class=\"wp-caption alignright\"><img loading=\"lazy\" decoding=\"async\" aria-describedby=\"caption-attachment-19856\" class=\"wp-image-19856 size-medium\" src=\"https:\/\/www.revistazetta.com\/wp-content\/uploads\/2017\/04\/CABRALES-0004-200x300.jpg\" alt=\"CABRALES-0004\" width=\"200\" height=\"300\" srcset=\"https:\/\/revistazetta.com\/wp-content\/uploads\/2017\/04\/CABRALES-0004-200x300.jpg 200w, https:\/\/revistazetta.com\/wp-content\/uploads\/2017\/04\/CABRALES-0004-684x1024.jpg 684w, https:\/\/revistazetta.com\/wp-content\/uploads\/2017\/04\/CABRALES-0004-97x146.jpg 97w, https:\/\/revistazetta.com\/wp-content\/uploads\/2017\/04\/CABRALES-0004-33x50.jpg 33w, https:\/\/revistazetta.com\/wp-content\/uploads\/2017\/04\/CABRALES-0004-50x75.jpg 50w, https:\/\/revistazetta.com\/wp-content\/uploads\/2017\/04\/CABRALES-0004.jpg 800w\" sizes=\"auto, (max-width: 200px) 100vw, 200px\" \/><p id=\"caption-attachment-19856\" class=\"wp-caption-text\">Orlando Cabrales Segovia, presidente de Naturg\u00e1s (Foto Manuel Pedraza &#8211; Pedraza Producciones).<\/p><\/div>\n<p>Por sus comprobados atributos en seguridad, calidad, continuidad del servicio y competitividad, el gas natural est\u00e1 llamado a ocupar el primer lugar en la canasta energ\u00e9tica del pa\u00eds.<\/p>\n<p>Con el lema \u201cGas Natural, el combustible del futuro\u201d, inicia este mi\u00e9rcoles el XX Congreso de Naturg\u00e1s, que congrega a m\u00e1s de 800 delegados en el hotel Hilton de Cartagena y sesionar\u00e1n el pr\u00f3ximo viernes.<\/p>\n<p>Orlando Cabrales Segovia, Presidente de Naturg\u00e1s, en la instalaci\u00f3n de las sesiones acad\u00e9micas dijo que este combustible \u201ces fundamental para la competitividad de nuestra econom\u00eda incidiendo decisivamente en las tarifas el\u00e9ctricas; en el desempe\u00f1o de la industria; y cada vez m\u00e1s en los sistemas de transporte que redundan en una mejor calidad del aire y un mayor bienestar en nuestras ciudades\u201d.<\/p>\n<p>El gas natural tiene m\u00e1s 8.600.000 de usuarios en Colombia, en donde el 85% pertenece a los estratos 1, 2 y 3, e igualmente representa el 35% de la energ\u00eda que utiliza la industria en Colombia para sus procesos productivos, por encima de la energ\u00eda el\u00e9ctrica y el carb\u00f3n.<\/p>\n<p><strong>Panorama del sector<\/strong><\/p>\n<p>El Presidente de Naturg\u00e1s present\u00f3 un panorama del sector, comenzando por el abastecimiento y suministro, donde resalt\u00f3 la necesidad de una mayor exploraci\u00f3n. \u201cCelebramos las inversiones proyectadas este a\u00f1o con vocaci\u00f3n a gas natural tanto en costa adentro como en costa afuera que ascienden a US$ 700 millones aproximadamente. Pero necesitamos m\u00e1s. El pa\u00eds sigue siendo muy inexplorado en comparaci\u00f3n con otras naciones productoras y tiene el potencial suficiente que solo se materializar\u00e1 con m\u00e1s inversi\u00f3n\u201d, se\u00f1al\u00f3.<\/p>\n<p>De igual forma, hizo \u00e9nfasis en desactivar la equivocada percepci\u00f3n de que el desarrollo minero supone la destrucci\u00f3n de fuentes de agua. \u201cSeg\u00fan el Estudio Nacional del Agua del IDEAM, el sector de petr\u00f3leo y gas representa el 1.6% del consumo nacional de agua. Los sectores agr\u00edcolas y pecuarios representan casi el 60% de este consumo, sin contar los mayores impactos que causa la deforestaci\u00f3n\u201d.<\/p>\n<p>En materia de transporte, el sector considera que se requieren inversiones importantes para expandir la infraestructura de transporte de gas natural. \u201cNos preocupa, sin embargo, que frente a los otros proyectos de iniciativa privada, no se est\u00e1n dando los incentivos correctos para materializar esta nueva infraestructura. Una de las variables decisorias es el WACC (tasa de retorno), que est\u00e1 quedando artificialmente bajo por la metodolog\u00eda sugerida\u201d.<\/p>\n<p>En cuanto a distribuci\u00f3n, Cabrales Segovia expres\u00f3 que este a\u00f1o se invertir\u00edan USD$81 millones en redes de distribuci\u00f3n y tecnolog\u00eda, para atender 309.000 nuevos usuarios. \u201cLo anterior permitir\u00e1 expandir el servicio a 17 nuevos municipios\u201d.<\/p>\n<p>Naturg\u00e1s resalt\u00f3 una de las virtudes de este combustible: es ambientalmente amigable. \u201cEl uso del GNV disminuye las emisiones de material particulado (MP) en m\u00e1s de un 90%, en comparaci\u00f3n con el Diesel. Los efectos favorables que el gas vehicular ha tenido en las ciudades, especialmente en salud p\u00fablica, son innegables\u201d.<\/p>\n<p>&nbsp;<\/p>\n<p><strong>Tem\u00e1tica del XX Congreso de Naturg\u00e1s<\/strong><\/p>\n<p>Los retos del OffShore y OnShore ser\u00e1n analizados en un panel con el Presidente de Ecopetrol, Juan Carlos Echeverri; Charlie Gamba, CEO de Canacol y Guillermo Fonseca, Presidente de Hocol.<\/p>\n<p>Las entidades del Gobierno Nacional que estar\u00e1n presentes explicando sus pol\u00edticas p\u00fablicas, son: ANH, UPME, CREG, Superintendencia de Servicios P\u00fablicos y Ministro de Medio Ambiente.<\/p>\n<p>Los conferencistas internacionales son el expresidente de M\u00e9xico, Felipe Calder\u00f3n, quien expondr\u00e1 sobre: \u201cLa energ\u00eda como instrumento de integraci\u00f3n del Continente Americano\u201d, y Jason Bordoff, Director del Centro de Pol\u00edtica Energ\u00e9tica Global, de la Universidad de Columbia, quien disertar\u00e1 sobre la perspectiva internacional del gas natural y su rol en la agenda de cambio clim\u00e1tico.<\/p>\n<p>Tambi\u00e9n estar\u00e1n en el 20 Congreso de Naturg\u00e1s, Rafael Pardo Rueda, Alto Consejero para el Postconflicto y Juan Camilo Restrepo, Jefe del Equipo Negociador del Gobierno Nacional con el ELN.<\/p>\n<p>&nbsp;<\/p>\n<p><strong>((( Fin del Comunicado \u2013 Agradecemos su divulgaci\u00f3n )))<\/strong><\/p>\n<p>&nbsp;<\/p>\n<p><strong>Contacto:<\/strong> Karina Chalita. Cel. 3102909969<\/p>\n<p><strong>Redact\u00f3:<\/strong> John Zamora. Cel. 3116596374<\/p>\n","protected":false},"excerpt":{"rendered":"<p>Por sus comprobados atributos en seguridad, calidad, continuidad del servicio y competitividad, el gas natural est\u00e1 llamado a ocupar el primer lugar en la canasta energ\u00e9tica del pa\u00eds. Con el lema \u201cGas Natural, el combustible del futuro\u201d, inicia este mi\u00e9rcoles el XX Congreso de Naturg\u00e1s, que congrega a m\u00e1s de 800 delegados en el hotel Hilton de Cartagena y sesionar\u00e1n el pr\u00f3ximo viernes. Orlando Cabrales Segovia, Presidente de Naturg\u00e1s, en la instalaci\u00f3n de las sesiones acad\u00e9micas dijo que este combustible \u201ces fundamental para la competitividad de nuestra econom\u00eda incidiendo decisivamente&#8230; <\/p>\n","protected":false},"author":3,"featured_media":19855,"comment_status":"open","ping_status":"closed","sticky":false,"template":"","format":"standard","meta":{"footnotes":"","_links_to":"","_links_to_target":""},"categories":[2,75,35],"tags":[],"class_list":["post-19840","post","type-post","status-publish","format-standard","has-post-thumbnail","hentry","category-actualidad","category-destacada","category-actualidad-nacion"],"_links":{"self":[{"href":"https:\/\/revistazetta.com\/index.php?rest_route=\/wp\/v2\/posts\/19840","targetHints":{"allow":["GET"]}}],"collection":[{"href":"https:\/\/revistazetta.com\/index.php?rest_route=\/wp\/v2\/posts"}],"about":[{"href":"https:\/\/revistazetta.com\/index.php?rest_route=\/wp\/v2\/types\/post"}],"author":[{"embeddable":true,"href":"https:\/\/revistazetta.com\/index.php?rest_route=\/wp\/v2\/users\/3"}],"replies":[{"embeddable":true,"href":"https:\/\/revistazetta.com\/index.php?rest_route=%2Fwp%2Fv2%2Fcomments&post=19840"}],"version-history":[{"count":0,"href":"https:\/\/revistazetta.com\/index.php?rest_route=\/wp\/v2\/posts\/19840\/revisions"}],"wp:featuredmedia":[{"embeddable":true,"href":"https:\/\/revistazetta.com\/index.php?rest_route=\/wp\/v2\/media\/19855"}],"wp:attachment":[{"href":"https:\/\/revistazetta.com\/index.php?rest_route=%2Fwp%2Fv2%2Fmedia&parent=19840"}],"wp:term":[{"taxonomy":"category","embeddable":true,"href":"https:\/\/revistazetta.com\/index.php?rest_route=%2Fwp%2Fv2%2Fcategories&post=19840"},{"taxonomy":"post_tag","embeddable":true,"href":"https:\/\/revistazetta.com\/index.php?rest_route=%2Fwp%2Fv2%2Ftags&post=19840"}],"curies":[{"name":"wp","href":"https:\/\/api.w.org\/{rel}","templated":true}]}}