{"id":19841,"date":"2017-04-05T08:24:00","date_gmt":"2017-04-05T13:24:00","guid":{"rendered":"http:\/\/www.revistazetta.com\/?p=19841"},"modified":"2017-04-05T08:32:00","modified_gmt":"2017-04-05T13:32:00","slug":"orbita-politica-john-zamora-miercoles-5-abril","status":"publish","type":"post","link":"https:\/\/revistazetta.com\/?p=19841","title":{"rendered":"\u00d3rbita Pol\u00edtica de John Zamora \u2013 mi\u00e9rcoles 5 de abril"},"content":{"rendered":"<p><strong>Manolo y la encuesta<\/strong><\/p>\n<p>Malos resultados para la imagen del alcalde Manolo Duque trajo la comentada encuesta divulgada este martes por La W. En todos los \u00edtems medidos hay desmejora, salvo en el de movilidad donde, a pesar del registro adverso, hay mejor\u00eda. La encuesta se hizo en los \u00faltimos d\u00edas de marzo, cuando se esperaba que las cifras tendieran al alza, como es la pretensi\u00f3n de una asesor\u00eda de imagen contratada, y que parece seguir haciendo \u201cswing\u201d sin batear de hit.<\/p>\n<p>Estos son los resultados:<\/p>\n<p><strong>Imagen:<\/strong><\/p>\n<p><strong>Desfavorable 65%, antes 42%<\/strong><\/p>\n<p><strong>Favorable 31%, antes 52%<\/strong><\/p>\n<p><strong>\u00a0<\/strong><\/p>\n<p><strong>Ciudad va por buen o mal camino<\/strong><\/p>\n<p><strong>Mal: 76%, antes 88%<\/strong><\/p>\n<p><strong>Buen: 21%, antes 6%<\/strong><\/p>\n<p><strong>\u00a0<\/strong><\/p>\n<p><strong>Aprueba manejo de la ciudad<\/strong><\/p>\n<p><strong>Desaprueba 77%, antes 57%<\/strong><\/p>\n<p><strong>Aprueba 18%, antes 43%<\/strong><\/p>\n<p><strong>\u00a0<\/strong><\/p>\n<p><strong>Movilidad<\/strong><\/p>\n<p><strong>Desaprueba 54%, antes 78%<\/strong><\/p>\n<p><strong>Aprueba 42%, antes 22% <\/strong><\/p>\n<p><strong>\u00a0<\/strong><\/p>\n<p><strong>Seguridad<\/strong><\/p>\n<p><strong>Desaprueba 82%, ante 75%<\/strong><\/p>\n<p><strong>Aprueba 14%, antes 20%<\/strong><\/p>\n<p><strong>\u00a0<\/strong><\/p>\n<p>&nbsp;<\/p>\n<p><strong>\u201cContaloritis\u201d aguda<\/strong><\/p>\n<p>El repentino mal que aqueja al concejal Carlos Barrios, y que amerit\u00f3 una nueva incapacidad por 15 d\u00edas m\u00e1s, ha sido clasificado como \u201ccontraloritis aguda\u201d, la extra\u00f1a patolog\u00eda que afecta a quien recibe un fallo adverso de la Contralor\u00eda.<\/p>\n<p>Mientras el concejal se recupera, la Mesa Directiva del Concejo sigue cavilando qu\u00e9 hacer frente a las consecuencias del fallo, las pruebas aportadas por Barrios para defender su continuidad y la pretensi\u00f3n de Wilson Toncel para sucederlo en la curul.<\/p>\n<p>&nbsp;<\/p>\n<p>Respuestas solventes<\/p>\n<p>El nuevo secretario de Educaci\u00f3n Departamental, \u00d3scar Mar\u00edn, entr\u00f3 pisando fuerte y mostrando solvencia conceptual para atender los asuntos de su competencia, como qued\u00f3 comprobado en el debate de control pol\u00edtico en la Asamblea Departamental, donde acudi\u00f3 con cifras claras:<\/p>\n<p>El \u00cdndice Sint\u00e9tico de Calidad Educativa del departamento \u2013 ISCE, para el 2016 alcanz\u00f3 el 4,16 en primaria teniendo en cuenta lo proyectado por el Ministerio de Educaci\u00f3n Nacional (MEN) que era 4.33; en secundaria se logr\u00f3 llegar al 4,17 sobrepasando el 4.15 propuesto por el MEN y en la media 4,51 quedando por debajo del 4.80 que propuso el MEN.<\/p>\n<p>Para el 2017 el MEN propuso para el departamento de Bol\u00edvar elevar el \u00cdndice de Sint\u00e9tico de Calidad Educativa, en primaria al 4,51, secundaria 4,37 y media 4,92; para lo cual el secretario anot\u00f3 que la Unidad de Calidad se ha propuesto mejorar estos \u00edndices a trav\u00e9s de recorridos por las diferentes instituciones educativas donde este \u00edndice es bajo trabajando con sensibilizaci\u00f3n a docentes.<\/p>\n<p>Afirm\u00f3 que para este a\u00f1o se va a puntualizar con el proyecto piloto que fue anunciado en d\u00edas pasados por la ministra de Educaci\u00f3n y el gobernador Dumek Turbay, Plan Bol\u00edvar por la Educaci\u00f3n, donde se focaliz\u00f3 un municipio con \u00cdndice Sint\u00e9tico bajo y con municipios donde el acceso a la educaci\u00f3n es dif\u00edcil.<\/p>\n<p>Otro de los interrogantes era el proceso que se adelantaba con el banco de la excelencia para acabar con la educaci\u00f3n contratada en el departamento, el secretario anunci\u00f3 a la corporaci\u00f3n que hoy el primer mandatario logr\u00f3 que este banco fuera regionalizado, para que los concursos se puedan realizar de acuerdo a las necesidades de los municipios, raz\u00f3n por la cual se habilitaron 44 zonas para acceder r\u00e1pidamente a las vacancias definitivas.<\/p>\n<p>De acuerdo al concurso para ocupar los cargos de rector\u00edas, se inform\u00f3 que este lo adelanta directamente la secretar\u00eda de acuerdo al decreto 490, donde los aspirantes deben cumplir con los requisitos estipulados, para proceder con la selecci\u00f3n y nombramiento.<\/p>\n<p>Finalmente el secretario anunci\u00f3 que hoy el departamento ocupa el puesto 27 en calidad educativa a nivel nacional, lo que evidencia el ascenso en dos posiciones, y manifest\u00f3 su compromiso para seguir trabajando por el mejoramiento de la calidad educativa en municipios como Barranco de Loba, con el apoyo del Ministerio de Educaci\u00f3n, para superar las metas propuestas por este y recibir<\/p>\n","protected":false},"excerpt":{"rendered":"<p>Manolo y la encuesta Malos resultados para la imagen del alcalde Manolo Duque trajo la comentada encuesta divulgada este martes por La W. En todos los \u00edtems medidos hay desmejora, salvo en el de movilidad donde, a pesar del registro adverso, hay mejor\u00eda. La encuesta se hizo en los \u00faltimos d\u00edas de marzo, cuando se esperaba que las cifras tendieran al alza, como es la pretensi\u00f3n de una asesor\u00eda de imagen contratada, y que parece seguir haciendo \u201cswing\u201d sin batear de hit. Estos son los resultados: Imagen: Desfavorable 65%, antes&#8230; <\/p>\n","protected":false},"author":3,"featured_media":19842,"comment_status":"open","ping_status":"closed","sticky":false,"template":"","format":"standard","meta":{"footnotes":"","_links_to":"","_links_to_target":""},"categories":[45,75,47,44],"tags":[],"class_list":["post-19841","post","type-post","status-publish","format-standard","has-post-thumbnail","hentry","category-orbita","category-destacada","category-john-zamora","category-materiagris"],"_links":{"self":[{"href":"https:\/\/revistazetta.com\/index.php?rest_route=\/wp\/v2\/posts\/19841","targetHints":{"allow":["GET"]}}],"collection":[{"href":"https:\/\/revistazetta.com\/index.php?rest_route=\/wp\/v2\/posts"}],"about":[{"href":"https:\/\/revistazetta.com\/index.php?rest_route=\/wp\/v2\/types\/post"}],"author":[{"embeddable":true,"href":"https:\/\/revistazetta.com\/index.php?rest_route=\/wp\/v2\/users\/3"}],"replies":[{"embeddable":true,"href":"https:\/\/revistazetta.com\/index.php?rest_route=%2Fwp%2Fv2%2Fcomments&post=19841"}],"version-history":[{"count":0,"href":"https:\/\/revistazetta.com\/index.php?rest_route=\/wp\/v2\/posts\/19841\/revisions"}],"wp:featuredmedia":[{"embeddable":true,"href":"https:\/\/revistazetta.com\/index.php?rest_route=\/wp\/v2\/media\/19842"}],"wp:attachment":[{"href":"https:\/\/revistazetta.com\/index.php?rest_route=%2Fwp%2Fv2%2Fmedia&parent=19841"}],"wp:term":[{"taxonomy":"category","embeddable":true,"href":"https:\/\/revistazetta.com\/index.php?rest_route=%2Fwp%2Fv2%2Fcategories&post=19841"},{"taxonomy":"post_tag","embeddable":true,"href":"https:\/\/revistazetta.com\/index.php?rest_route=%2Fwp%2Fv2%2Ftags&post=19841"}],"curies":[{"name":"wp","href":"https:\/\/api.w.org\/{rel}","templated":true}]}}