{"id":19853,"date":"2017-04-05T09:05:18","date_gmt":"2017-04-05T14:05:18","guid":{"rendered":"http:\/\/www.revistazetta.com\/?p=19853"},"modified":"2017-04-05T09:05:18","modified_gmt":"2017-04-05T14:05:18","slug":"este-jueves-concierto-jazz-and-jam-unibac","status":"publish","type":"post","link":"https:\/\/revistazetta.com\/?p=19853","title":{"rendered":"Este jueves, concierto de Jazz and Jam en Unibac"},"content":{"rendered":"<p>Este jueves 6 de abril, a las 6 de la tarde, se presentar\u00e1 en concierto el Ensamble Jazz and Jam, en el Sal\u00f3n Pierre Daguet de Instituci\u00f3n Universitaria Bellas Artes y Ciencias de Bol\u00edvar (Unibac). La entrada es abierta al p\u00fablico hasta completar aforo.<\/p>\n<p>Jazz\u00a0and\u00a0Jam, naci\u00f3 de la iniciativa de cultivar en los j\u00f3venes estudiantes del Conservatorio de M\u00fasica Adolfo Mej\u00eda de Unibac el deseo, la pasi\u00f3n y la disciplina para incursionar en una de las corrientes musicales de mayor importancia y trascendencia para la m\u00fasica desde comienzos del siglo XX. El grupo est\u00e1 integrado por 25 talentosos estudiantes, dirigidos por la maestra Liliana Atencia Gil.<\/p>\n<p>El Ensamble\u00a0interpretar\u00e1 dentro de su repertorio cl\u00e1sicos y temas modernos del g\u00e9nero como\u00a0\u201cWhat is Hip\u201d, \u201cSmooth\u201d, \u201cShe is\u00b4not lovely\u201d \u201cAll of Me\u201d, \u201cSir Duke\u201d, \u201cFeeling Good\u201d y \u201cHot Stuff\u201d.<\/p>\n<p>Su directora, Liliana Atencia Gil es M\u00fasico de la Universidad Pedag\u00f3gica Nacional con \u00e9nfasis en la Ejecuci\u00f3n Instrumental del Saxof\u00f3n y Magister en Estudios del Caribe de la Universidad Nacional de Colombia, graduada con Tesis Meritoria. En su labor art\u00edstica ha sido saxofonista de diversas agrupaciones, directora de Orquesta Filarm\u00f3nica Juvenil \u201cCakike\u201d y la Banda Sinf\u00f3nica de Unibac. Tambi\u00e9n ha asesorado y orientado procesos de formaci\u00f3n musical en diferentes programas del Ministerio de Cultura.<\/p>\n<p>Este concierto hace parte de la Agenda Cultural que la\u00a0Instituci\u00f3n Universitaria Bellas Artes y Ciencias de Bol\u00edvar (Unibac) ofrece a los bolivarenses como parte de su proyecci\u00f3n social. Es tambi\u00e9n la oportunidad para que los bolivarenses pueden apreciar gratuitamente, a los j\u00f3venes talentos de la m\u00fasica del Departamento que se forman profesionalmente en la Instituci\u00f3n.<\/p>\n","protected":false},"excerpt":{"rendered":"<p>Este jueves 6 de abril, a las 6 de la tarde, se presentar\u00e1 en concierto el Ensamble Jazz and Jam, en el Sal\u00f3n Pierre Daguet de Instituci\u00f3n Universitaria Bellas Artes y Ciencias de Bol\u00edvar (Unibac). La entrada es abierta al p\u00fablico hasta completar aforo. Jazz\u00a0and\u00a0Jam, naci\u00f3 de la iniciativa de cultivar en los j\u00f3venes estudiantes del Conservatorio de M\u00fasica Adolfo Mej\u00eda de Unibac el deseo, la pasi\u00f3n y la disciplina para incursionar en una de las corrientes musicales de mayor importancia y trascendencia para la m\u00fasica desde comienzos del siglo&#8230; <\/p>\n","protected":false},"author":3,"featured_media":19854,"comment_status":"open","ping_status":"closed","sticky":false,"template":"","format":"standard","meta":{"footnotes":"","_links_to":"","_links_to_target":""},"categories":[41,43],"tags":[],"class_list":["post-19853","post","type-post","status-publish","format-standard","has-post-thumbnail","hentry","category-cultura","category-cultura-musica"],"_links":{"self":[{"href":"https:\/\/revistazetta.com\/index.php?rest_route=\/wp\/v2\/posts\/19853","targetHints":{"allow":["GET"]}}],"collection":[{"href":"https:\/\/revistazetta.com\/index.php?rest_route=\/wp\/v2\/posts"}],"about":[{"href":"https:\/\/revistazetta.com\/index.php?rest_route=\/wp\/v2\/types\/post"}],"author":[{"embeddable":true,"href":"https:\/\/revistazetta.com\/index.php?rest_route=\/wp\/v2\/users\/3"}],"replies":[{"embeddable":true,"href":"https:\/\/revistazetta.com\/index.php?rest_route=%2Fwp%2Fv2%2Fcomments&post=19853"}],"version-history":[{"count":0,"href":"https:\/\/revistazetta.com\/index.php?rest_route=\/wp\/v2\/posts\/19853\/revisions"}],"wp:featuredmedia":[{"embeddable":true,"href":"https:\/\/revistazetta.com\/index.php?rest_route=\/wp\/v2\/media\/19854"}],"wp:attachment":[{"href":"https:\/\/revistazetta.com\/index.php?rest_route=%2Fwp%2Fv2%2Fmedia&parent=19853"}],"wp:term":[{"taxonomy":"category","embeddable":true,"href":"https:\/\/revistazetta.com\/index.php?rest_route=%2Fwp%2Fv2%2Fcategories&post=19853"},{"taxonomy":"post_tag","embeddable":true,"href":"https:\/\/revistazetta.com\/index.php?rest_route=%2Fwp%2Fv2%2Ftags&post=19853"}],"curies":[{"name":"wp","href":"https:\/\/api.w.org\/{rel}","templated":true}]}}