{"id":19860,"date":"2017-04-05T23:06:15","date_gmt":"2017-04-06T04:06:15","guid":{"rendered":"http:\/\/www.revistazetta.com\/?p=19860"},"modified":"2017-04-05T23:30:53","modified_gmt":"2017-04-06T04:30:53","slug":"dumek-entrego-obras-verifico-proyectos-san-jacinto-del-cauca","status":"publish","type":"post","link":"https:\/\/revistazetta.com\/?p=19860","title":{"rendered":"Dumek entreg\u00f3 obras y verific\u00f3 proyectos en San Jacinto del Cauca"},"content":{"rendered":"<p><img loading=\"lazy\" decoding=\"async\" class=\"alignright size-medium wp-image-19865\" src=\"https:\/\/www.revistazetta.com\/wp-content\/uploads\/2017\/04\/IMG-20170405-WA0049-1-300x188.jpg\" alt=\"IMG-20170405-WA0049\" width=\"300\" height=\"188\" srcset=\"https:\/\/revistazetta.com\/wp-content\/uploads\/2017\/04\/IMG-20170405-WA0049-1-300x188.jpg 300w, https:\/\/revistazetta.com\/wp-content\/uploads\/2017\/04\/IMG-20170405-WA0049-1-234x146.jpg 234w, https:\/\/revistazetta.com\/wp-content\/uploads\/2017\/04\/IMG-20170405-WA0049-1-50x31.jpg 50w, https:\/\/revistazetta.com\/wp-content\/uploads\/2017\/04\/IMG-20170405-WA0049-1-120x75.jpg 120w, https:\/\/revistazetta.com\/wp-content\/uploads\/2017\/04\/IMG-20170405-WA0049-1.jpg 800w\" sizes=\"auto, (max-width: 300px) 100vw, 300px\" \/>El gobernador de Bol\u00edvar, Dumek Turbay Paz, entreg\u00f3 obras y verific\u00f3 proyectos en marcha\u00a0en San Jacinto del Cauca.\u00a0\u201cNuestro inter\u00e9s es que \u00a0se entreguen todas aquellas obras que generan desarrollo en el menor tiempo posible. Nuestra mayor satisfacci\u00f3n es la sonrisa que vemos en el rostro de los habitantes\u201d, manifest\u00f3.<\/p>\n<p>El gobernador entreg\u00f3\u00a0una cancha m\u00faltiple, un gimnasio biosaludable y un parque infantil que cuenta con senderos peatonales, arborizaci\u00f3n, iluminaci\u00f3n y bater\u00edas de ba\u00f1os, lo que represent\u00f3 una inversi\u00f3n de $650 millones.<\/p>\n<p>As\u00ed mismo, Dumek Turbay se comprometi\u00f3 a entregarles a los habitantes de este municipio el acueducto el pr\u00f3ximo 5 de mayo. Una obra que hab\u00eda estado abandonada desde antes de su mandato, pero que hoy se propuso reactivar.<\/p>\n<p>Desde este municipio, Turbay Paz envi\u00f3 un mensaje de respaldo y compromiso a todos los habitantes del sur del departamento de Bol\u00edvar.<\/p>\n<p>A su vez, Turbay Paz anunci\u00f3 que su gobierno ha construido aciertos gracias a ese di\u00e1logo y encuentro permanente\u00a0 con las comunidades. Indic\u00f3 que invertir\u00e1 $6 mil millones en infraestructura educativa y $8.500 millones para el alcantarillado de San Jacinto del Cauca.<\/p>\n<p><img loading=\"lazy\" decoding=\"async\" class=\"size-medium wp-image-19866 alignleft\" src=\"https:\/\/www.revistazetta.com\/wp-content\/uploads\/2017\/04\/IMG-20170405-WA0053-300x188.jpg\" alt=\"IMG-20170405-WA0053\" width=\"300\" height=\"188\" srcset=\"https:\/\/revistazetta.com\/wp-content\/uploads\/2017\/04\/IMG-20170405-WA0053-300x188.jpg 300w, https:\/\/revistazetta.com\/wp-content\/uploads\/2017\/04\/IMG-20170405-WA0053-234x146.jpg 234w, https:\/\/revistazetta.com\/wp-content\/uploads\/2017\/04\/IMG-20170405-WA0053-50x31.jpg 50w, https:\/\/revistazetta.com\/wp-content\/uploads\/2017\/04\/IMG-20170405-WA0053-120x75.jpg 120w, https:\/\/revistazetta.com\/wp-content\/uploads\/2017\/04\/IMG-20170405-WA0053.jpg 800w\" sizes=\"auto, (max-width: 300px) 100vw, 300px\" \/>Tambi\u00e9n destac\u00f3 que se empezar\u00e1 una fase de construcci\u00f3n de puentes, que ha denominado \u201cPuentes para la Paz\u201d, que ser\u00e1 para varios territorios del departamento y que contar\u00e1 con una inversi\u00f3n de $12 mil millones.<\/p>\n<p>\u201cLos habitantes de San Jacinto del Cauca deben \u00a0quedar tranquilos porque vamos a transformar positivamente la historia de este municipio. Volveremos pronto para impulsar temas de vivienda, agua potable, v\u00edas, educaci\u00f3n y obras de protecci\u00f3n para este municipio\u201d, agreg\u00f3 el gobernador de los bolivarenses.<\/p>\n<p>Por su parte, Enrique Franco Contreras, alcalde de San Jacinto del Cauca agradeci\u00f3 al gobierno departamental su f\u00e9rreo compromiso con el municipio.<\/p>\n<p>\u201cLos habitantes de San Jacinto del Cauca se sienten orgullosos de este gobernador, porque nos ha devuelto la esperanza y la dignidad por el sentir bolivarense. \u00c9l se ha puesto la camisa por este gobierno y la\u00a0 poblaci\u00f3n se lo agradece\u201d, concluy\u00f3 Franco Contreras.<\/p>\n<p><img loading=\"lazy\" decoding=\"async\" class=\"alignright size-medium wp-image-19867\" src=\"https:\/\/www.revistazetta.com\/wp-content\/uploads\/2017\/04\/IMG-20170405-WA0063-300x188.jpg\" alt=\"IMG-20170405-WA0063\" width=\"300\" height=\"188\" srcset=\"https:\/\/revistazetta.com\/wp-content\/uploads\/2017\/04\/IMG-20170405-WA0063-300x188.jpg 300w, https:\/\/revistazetta.com\/wp-content\/uploads\/2017\/04\/IMG-20170405-WA0063-234x146.jpg 234w, https:\/\/revistazetta.com\/wp-content\/uploads\/2017\/04\/IMG-20170405-WA0063-50x31.jpg 50w, https:\/\/revistazetta.com\/wp-content\/uploads\/2017\/04\/IMG-20170405-WA0063-120x75.jpg 120w, https:\/\/revistazetta.com\/wp-content\/uploads\/2017\/04\/IMG-20170405-WA0063.jpg 800w\" sizes=\"auto, (max-width: 300px) 100vw, 300px\" \/> <img loading=\"lazy\" decoding=\"async\" class=\"alignright size-medium wp-image-19864\" src=\"https:\/\/www.revistazetta.com\/wp-content\/uploads\/2017\/04\/IMG-20170405-WA0038-300x188.jpg\" alt=\"IMG-20170405-WA0038\" width=\"300\" height=\"188\" srcset=\"https:\/\/revistazetta.com\/wp-content\/uploads\/2017\/04\/IMG-20170405-WA0038-300x188.jpg 300w, https:\/\/revistazetta.com\/wp-content\/uploads\/2017\/04\/IMG-20170405-WA0038-234x146.jpg 234w, https:\/\/revistazetta.com\/wp-content\/uploads\/2017\/04\/IMG-20170405-WA0038-50x31.jpg 50w, https:\/\/revistazetta.com\/wp-content\/uploads\/2017\/04\/IMG-20170405-WA0038-120x75.jpg 120w, https:\/\/revistazetta.com\/wp-content\/uploads\/2017\/04\/IMG-20170405-WA0038.jpg 800w\" sizes=\"auto, (max-width: 300px) 100vw, 300px\" \/> <img loading=\"lazy\" decoding=\"async\" class=\"alignright size-medium wp-image-19863\" src=\"https:\/\/www.revistazetta.com\/wp-content\/uploads\/2017\/04\/IMG-20170405-WA0034-300x188.jpg\" alt=\"IMG-20170405-WA0034\" width=\"300\" height=\"188\" srcset=\"https:\/\/revistazetta.com\/wp-content\/uploads\/2017\/04\/IMG-20170405-WA0034-300x188.jpg 300w, https:\/\/revistazetta.com\/wp-content\/uploads\/2017\/04\/IMG-20170405-WA0034-234x146.jpg 234w, https:\/\/revistazetta.com\/wp-content\/uploads\/2017\/04\/IMG-20170405-WA0034-50x31.jpg 50w, https:\/\/revistazetta.com\/wp-content\/uploads\/2017\/04\/IMG-20170405-WA0034-120x75.jpg 120w, https:\/\/revistazetta.com\/wp-content\/uploads\/2017\/04\/IMG-20170405-WA0034.jpg 800w\" sizes=\"auto, (max-width: 300px) 100vw, 300px\" \/><\/p>\n","protected":false},"excerpt":{"rendered":"<p>El gobernador de Bol\u00edvar, Dumek Turbay Paz, entreg\u00f3 obras y verific\u00f3 proyectos en marcha\u00a0en San Jacinto del Cauca.\u00a0\u201cNuestro inter\u00e9s es que \u00a0se entreguen todas aquellas obras que generan desarrollo en el menor tiempo posible. Nuestra mayor satisfacci\u00f3n es la sonrisa que vemos en el rostro de los habitantes\u201d, manifest\u00f3. El gobernador entreg\u00f3\u00a0una cancha m\u00faltiple, un gimnasio biosaludable y un parque infantil que cuenta con senderos peatonales, arborizaci\u00f3n, iluminaci\u00f3n y bater\u00edas de ba\u00f1os, lo que represent\u00f3 una inversi\u00f3n de $650 millones. As\u00ed mismo, Dumek Turbay se comprometi\u00f3 a entregarles a los&#8230; <\/p>\n","protected":false},"author":3,"featured_media":19861,"comment_status":"open","ping_status":"closed","sticky":false,"template":"","format":"standard","meta":{"footnotes":"","_links_to":"","_links_to_target":""},"categories":[80,75,83],"tags":[],"class_list":["post-19860","post","type-post","status-publish","format-standard","has-post-thumbnail","hentry","category-region","category-destacada","category-municipios"],"_links":{"self":[{"href":"https:\/\/revistazetta.com\/index.php?rest_route=\/wp\/v2\/posts\/19860","targetHints":{"allow":["GET"]}}],"collection":[{"href":"https:\/\/revistazetta.com\/index.php?rest_route=\/wp\/v2\/posts"}],"about":[{"href":"https:\/\/revistazetta.com\/index.php?rest_route=\/wp\/v2\/types\/post"}],"author":[{"embeddable":true,"href":"https:\/\/revistazetta.com\/index.php?rest_route=\/wp\/v2\/users\/3"}],"replies":[{"embeddable":true,"href":"https:\/\/revistazetta.com\/index.php?rest_route=%2Fwp%2Fv2%2Fcomments&post=19860"}],"version-history":[{"count":0,"href":"https:\/\/revistazetta.com\/index.php?rest_route=\/wp\/v2\/posts\/19860\/revisions"}],"wp:featuredmedia":[{"embeddable":true,"href":"https:\/\/revistazetta.com\/index.php?rest_route=\/wp\/v2\/media\/19861"}],"wp:attachment":[{"href":"https:\/\/revistazetta.com\/index.php?rest_route=%2Fwp%2Fv2%2Fmedia&parent=19860"}],"wp:term":[{"taxonomy":"category","embeddable":true,"href":"https:\/\/revistazetta.com\/index.php?rest_route=%2Fwp%2Fv2%2Fcategories&post=19860"},{"taxonomy":"post_tag","embeddable":true,"href":"https:\/\/revistazetta.com\/index.php?rest_route=%2Fwp%2Fv2%2Ftags&post=19860"}],"curies":[{"name":"wp","href":"https:\/\/api.w.org\/{rel}","templated":true}]}}