{"id":19881,"date":"2017-04-06T22:37:25","date_gmt":"2017-04-07T03:37:25","guid":{"rendered":"http:\/\/www.revistazetta.com\/?p=19881"},"modified":"2017-04-07T01:57:51","modified_gmt":"2017-04-07T06:57:51","slug":"bolivar-se-pone-mosca-ante-riesgo-invierno","status":"publish","type":"post","link":"https:\/\/revistazetta.com\/?p=19881","title":{"rendered":"Bol\u00edvar se pone \u00abmosca\u00bb ante riesgo por invierno"},"content":{"rendered":"<p><img loading=\"lazy\" decoding=\"async\" class=\"alignright size-medium wp-image-19883\" src=\"https:\/\/www.revistazetta.com\/wp-content\/uploads\/2017\/04\/Bol\u00edvar-riesgo-2-300x188.jpg\" alt=\"Bol\u00edvar riesgo 2\" width=\"300\" height=\"188\" srcset=\"https:\/\/revistazetta.com\/wp-content\/uploads\/2017\/04\/Bol\u00edvar-riesgo-2-300x188.jpg 300w, https:\/\/revistazetta.com\/wp-content\/uploads\/2017\/04\/Bol\u00edvar-riesgo-2-234x146.jpg 234w, https:\/\/revistazetta.com\/wp-content\/uploads\/2017\/04\/Bol\u00edvar-riesgo-2-50x31.jpg 50w, https:\/\/revistazetta.com\/wp-content\/uploads\/2017\/04\/Bol\u00edvar-riesgo-2-120x75.jpg 120w, https:\/\/revistazetta.com\/wp-content\/uploads\/2017\/04\/Bol\u00edvar-riesgo-2.jpg 800w\" sizes=\"auto, (max-width: 300px) 100vw, 300px\" \/>El\u00a0director de la Oficina de Gesti\u00f3n de Riesgo Departamental, Ariel Zambrano, presidi\u00f3 el Primer comit\u00e9 extraordinario del 2017, para coordinar acciones preventivas con\u00a0Defensa Civil, Alcald\u00eda Distrital, Polic\u00eda Nacional de Bol\u00edvar, Secretar\u00eda de H\u00e1bitat, Infraestructura, Educaci\u00f3n y alcald\u00edas departamentales.<\/p>\n<p>La reuni\u00f3n sirvi\u00f3 para la socializaci\u00f3n prioritaria del plan de acci\u00f3n y contingencia ante la primera temporada de lluvias en las zonas de riesgos del departamento de Bol\u00edvar.<\/p>\n<p>\u201cEl departamento ya cuenta con un plan aprobado por parte del Consejo Departamental ante esta primera temporada invernal que a\u00fan no se ha arrancado, pero el monitoreo es permanente, en trasporte, infraestructura y gesti\u00f3n de riesgo; coordinando los apartes necesarios para brindar una repuesta oportuna ante cualquier calamidad. Tambi\u00e9n es importante destacar que el gobernador de Bol\u00edvar ha desplegado un banco de maquinar\u00eda y recursos para la implementaci\u00f3n de la misma en municipios que lo requieran como San Estanislao de Kostka, donde se va a entregar un muro de contenci\u00f3n que ofrece tranquilidad a sus habitantes\u201d, Expres\u00f3 Zambrano.<\/p>\n<p>Adem\u00e1s, como espacio propicio en este I comit\u00e9, se estableci\u00f3 y dej\u00f3 en contexto la labor oportuna y prioritaria de la Gobernaci\u00f3n de Bol\u00edvar, con un plan de acci\u00f3n que le apunta a la estabilizaci\u00f3n en el caso del Cerro de la Popa, \u00a0a trav\u00e9s\u00a0 de \u00a0la Oficina de Gesti\u00f3n de Riesgo Departamental en conjunto con el Distrito, frente a las progresivas afectaciones especificas en el Salto del Cabr\u00f3n, que presenta un posible desprendimiento de una masa solida de 40\u00a0toneladas, seg\u00fan monitoreo y estudios actuales del servicio de la Sociedad de Ingenieros de Colombia,\u00a0 que actualmente ha sido declarado como calamidad p\u00fablica, restringiendo el paso de veh\u00edculos y p\u00fablico al convento. \u201cEstamos articulando el sistema de gesti\u00f3n de Riesgo y adem\u00e1s de esto, nuestra participaci\u00f3n en un Consejo de gesti\u00f3n \u00a0Distrital, que trabajar\u00e1 todo este plan de acci\u00f3n especifico y con aportes financieros , la gobernaci\u00f3n de Bol\u00edvar cumplir\u00e1 con todo lo concerniente a esta situaci\u00f3n, para evitar \u201d, afirm\u00f3 el director de la Oficina de Gesti\u00f3n de Riesgo Departamental.<\/p>\n","protected":false},"excerpt":{"rendered":"<p>El\u00a0director de la Oficina de Gesti\u00f3n de Riesgo Departamental, Ariel Zambrano, presidi\u00f3 el Primer comit\u00e9 extraordinario del 2017, para coordinar acciones preventivas con\u00a0Defensa Civil, Alcald\u00eda Distrital, Polic\u00eda Nacional de Bol\u00edvar, Secretar\u00eda de H\u00e1bitat, Infraestructura, Educaci\u00f3n y alcald\u00edas departamentales. La reuni\u00f3n sirvi\u00f3 para la socializaci\u00f3n prioritaria del plan de acci\u00f3n y contingencia ante la primera temporada de lluvias en las zonas de riesgos del departamento de Bol\u00edvar. \u201cEl departamento ya cuenta con un plan aprobado por parte del Consejo Departamental ante esta primera temporada invernal que a\u00fan no se ha arrancado,&#8230; <\/p>\n","protected":false},"author":3,"featured_media":19882,"comment_status":"open","ping_status":"closed","sticky":false,"template":"","format":"standard","meta":{"footnotes":"","_links_to":"","_links_to_target":""},"categories":[80],"tags":[],"class_list":["post-19881","post","type-post","status-publish","format-standard","has-post-thumbnail","hentry","category-region"],"_links":{"self":[{"href":"https:\/\/revistazetta.com\/index.php?rest_route=\/wp\/v2\/posts\/19881","targetHints":{"allow":["GET"]}}],"collection":[{"href":"https:\/\/revistazetta.com\/index.php?rest_route=\/wp\/v2\/posts"}],"about":[{"href":"https:\/\/revistazetta.com\/index.php?rest_route=\/wp\/v2\/types\/post"}],"author":[{"embeddable":true,"href":"https:\/\/revistazetta.com\/index.php?rest_route=\/wp\/v2\/users\/3"}],"replies":[{"embeddable":true,"href":"https:\/\/revistazetta.com\/index.php?rest_route=%2Fwp%2Fv2%2Fcomments&post=19881"}],"version-history":[{"count":0,"href":"https:\/\/revistazetta.com\/index.php?rest_route=\/wp\/v2\/posts\/19881\/revisions"}],"wp:featuredmedia":[{"embeddable":true,"href":"https:\/\/revistazetta.com\/index.php?rest_route=\/wp\/v2\/media\/19882"}],"wp:attachment":[{"href":"https:\/\/revistazetta.com\/index.php?rest_route=%2Fwp%2Fv2%2Fmedia&parent=19881"}],"wp:term":[{"taxonomy":"category","embeddable":true,"href":"https:\/\/revistazetta.com\/index.php?rest_route=%2Fwp%2Fv2%2Fcategories&post=19881"},{"taxonomy":"post_tag","embeddable":true,"href":"https:\/\/revistazetta.com\/index.php?rest_route=%2Fwp%2Fv2%2Ftags&post=19881"}],"curies":[{"name":"wp","href":"https:\/\/api.w.org\/{rel}","templated":true}]}}