{"id":19885,"date":"2017-04-06T23:07:02","date_gmt":"2017-04-07T04:07:02","guid":{"rendered":"http:\/\/www.revistazetta.com\/?p=19885"},"modified":"2017-04-06T23:07:02","modified_gmt":"2017-04-07T04:07:02","slug":"alcalde-abre-la-puerta-participar-formulacion-del-pemp","status":"publish","type":"post","link":"https:\/\/revistazetta.com\/?p=19885","title":{"rendered":"Alcalde abre la puerta para participar en formulaci\u00f3n del PEMP"},"content":{"rendered":"<p>\u201cEl PEMP no es otra cosa que el instrumento que garantizar\u00e1 la protecci\u00f3n y la conservaci\u00f3n de nuestro patrimonio cultural, esta es la oportunidad para pensar y proponer acerca de esta herencia acumulada que es nuestro patrimonio\u201d, expres\u00f3 el alcalde Manolo Duque en la apertura\u00a0del taller\u00a0<em>Nuestra Gente, Nuestro Patrimonio,\u00a0<\/em>que permitir\u00e1 a los ciudadanos realizar aportes en torno a la validaci\u00f3n y actualizaci\u00f3n del<strong>\u00a0<\/strong>Plan Especial de Manejo y Protecci\u00f3n del Centro Hist\u00f3rico de la ciudad.<\/p>\n<p>El seminario fue instalado por el director de Patrimonio del Ministerio de Cultura, Alberto Escobar Wilson- White; la Secretaria de Planeaci\u00f3n, Luz Elena Paternina; la directora del Instituto de Patrimonio y Cultura, Bertha Arnedo, y el presidente del Concejo de Cartagena, Lewis Montero Polo, quienes expresaron su visi\u00f3n\u00a0para la construcci\u00f3n de este instrumento de planeaci\u00f3n para el Corralito de Piedra.<\/p>\n<p>\u201cHemos elegido la metodolog\u00eda de seminario taller con el prop\u00f3sito de promover y contar con la participaci\u00f3n activa de todos los interesados en el Centro Hist\u00f3rico, residentes y visitantes, empresarios, instancias y actores representativos en materia de patrimonio en la ciudad, para fortalecer la propuesta de PEMP existente, como factor potenciador para el desarrollo social y econ\u00f3mico de la ciudad\u201d, asegur\u00f3 la secretaria de Planeaci\u00f3n, Luz Elena Paternina Mora.<\/p>\n<p>El taller arranca el pr\u00f3ximo 18 de abril y podr\u00e1n participar hasta dos mil personas de manera virtual y unas 150 de manera presencial en temas relacionados con patrimonio, cultural, dimensi\u00f3n ambiental, movilidad, manejo de espacio p\u00fablico, dimensi\u00f3n financiera, econ\u00f3mica, entre otros enfoques.<\/p>\n<p>\u201cEs importante que las personas que se inscriban tengan una permanencia de principio a fin, para que su participaci\u00f3n pueda ser certificada y bien, eso nos sirva en la construcci\u00f3n colectiva. As\u00ed mismo, trataremos temas espec\u00edficos con grupos focales como el Concejo, los gremios, la acad\u00e9mica, el Consejo de Patrimonio, Directivos de IPCC y todas entidades p\u00fablicas que as\u00ed se requieran\u201d dijo Paternina.<\/p>\n<p>Los ciudadanos que deseen inscribirse lo podr\u00e1n hacer a trav\u00e9s de la p\u00e1gina web\u00a0<u>https:\/\/pempcartagena.com\/seminario-taller\/<\/u>\u00a0y registrar el formulario.<\/p>\n<p>A trav\u00e9s de estas\u00a0acciones se podr\u00e1 garantizar la protecci\u00f3n, conservaci\u00f3n y sostenibilidad del patrimonio de la humanidad en esta zona de la ciudad.<\/p>\n","protected":false},"excerpt":{"rendered":"<p>\u201cEl PEMP no es otra cosa que el instrumento que garantizar\u00e1 la protecci\u00f3n y la conservaci\u00f3n de nuestro patrimonio cultural, esta es la oportunidad para pensar y proponer acerca de esta herencia acumulada que es nuestro patrimonio\u201d, expres\u00f3 el alcalde Manolo Duque en la apertura\u00a0del taller\u00a0Nuestra Gente, Nuestro Patrimonio,\u00a0que permitir\u00e1 a los ciudadanos realizar aportes en torno a la validaci\u00f3n y actualizaci\u00f3n del\u00a0Plan Especial de Manejo y Protecci\u00f3n del Centro Hist\u00f3rico de la ciudad. El seminario fue instalado por el director de Patrimonio del Ministerio de Cultura, Alberto Escobar Wilson-&#8230; <\/p>\n","protected":false},"author":3,"featured_media":19886,"comment_status":"open","ping_status":"closed","sticky":false,"template":"","format":"standard","meta":{"footnotes":"","_links_to":"","_links_to_target":""},"categories":[75,85,32],"tags":[],"class_list":["post-19885","post","type-post","status-publish","format-standard","has-post-thumbnail","hentry","category-destacada","category-cartagena","category-actualidad-distrito"],"_links":{"self":[{"href":"https:\/\/revistazetta.com\/index.php?rest_route=\/wp\/v2\/posts\/19885","targetHints":{"allow":["GET"]}}],"collection":[{"href":"https:\/\/revistazetta.com\/index.php?rest_route=\/wp\/v2\/posts"}],"about":[{"href":"https:\/\/revistazetta.com\/index.php?rest_route=\/wp\/v2\/types\/post"}],"author":[{"embeddable":true,"href":"https:\/\/revistazetta.com\/index.php?rest_route=\/wp\/v2\/users\/3"}],"replies":[{"embeddable":true,"href":"https:\/\/revistazetta.com\/index.php?rest_route=%2Fwp%2Fv2%2Fcomments&post=19885"}],"version-history":[{"count":0,"href":"https:\/\/revistazetta.com\/index.php?rest_route=\/wp\/v2\/posts\/19885\/revisions"}],"wp:featuredmedia":[{"embeddable":true,"href":"https:\/\/revistazetta.com\/index.php?rest_route=\/wp\/v2\/media\/19886"}],"wp:attachment":[{"href":"https:\/\/revistazetta.com\/index.php?rest_route=%2Fwp%2Fv2%2Fmedia&parent=19885"}],"wp:term":[{"taxonomy":"category","embeddable":true,"href":"https:\/\/revistazetta.com\/index.php?rest_route=%2Fwp%2Fv2%2Fcategories&post=19885"},{"taxonomy":"post_tag","embeddable":true,"href":"https:\/\/revistazetta.com\/index.php?rest_route=%2Fwp%2Fv2%2Ftags&post=19885"}],"curies":[{"name":"wp","href":"https:\/\/api.w.org\/{rel}","templated":true}]}}