{"id":19889,"date":"2017-04-07T00:02:23","date_gmt":"2017-04-07T05:02:23","guid":{"rendered":"http:\/\/www.revistazetta.com\/?p=19889"},"modified":"2017-04-07T01:56:25","modified_gmt":"2017-04-07T06:56:25","slug":"coctel-20o-congreso-naturgas","status":"publish","type":"post","link":"https:\/\/revistazetta.com\/?p=19889","title":{"rendered":"Coctel 20\u00ba Congreso Naturg\u00e1s"},"content":{"rendered":"<p>En la Casa Surtig\u00e1s, de El Cabrero, se ofreci\u00f3 un coctel para darle la bienvenida a los participantes en el 20\u00ba Congreso de Naturg\u00e1s. (Fotos de Manuel Pedraza &#8211; Pedraza Producciones).<\/p>\n<div id=\"attachment_19896\" style=\"width: 310px\" class=\"wp-caption alignright\"><img loading=\"lazy\" decoding=\"async\" aria-describedby=\"caption-attachment-19896\" class=\"wp-image-19896 size-medium\" src=\"https:\/\/www.revistazetta.com\/wp-content\/uploads\/2017\/04\/coctel-0008-300x188.jpg\" alt=\"coctel-0008\" width=\"300\" height=\"188\" srcset=\"https:\/\/revistazetta.com\/wp-content\/uploads\/2017\/04\/coctel-0008-300x188.jpg 300w, https:\/\/revistazetta.com\/wp-content\/uploads\/2017\/04\/coctel-0008-234x146.jpg 234w, https:\/\/revistazetta.com\/wp-content\/uploads\/2017\/04\/coctel-0008-50x31.jpg 50w, https:\/\/revistazetta.com\/wp-content\/uploads\/2017\/04\/coctel-0008-120x75.jpg 120w, https:\/\/revistazetta.com\/wp-content\/uploads\/2017\/04\/coctel-0008.jpg 800w\" sizes=\"auto, (max-width: 300px) 100vw, 300px\" \/><p id=\"caption-attachment-19896\" class=\"wp-caption-text\">Guillermo Perry y Karina Chalita.<\/p><\/div>\n<div id=\"attachment_19891\" style=\"width: 310px\" class=\"wp-caption alignright\"><img loading=\"lazy\" decoding=\"async\" aria-describedby=\"caption-attachment-19891\" class=\"wp-image-19891 size-medium\" src=\"https:\/\/www.revistazetta.com\/wp-content\/uploads\/2017\/04\/coctel-0003-300x188.jpg\" alt=\"coctel-0003\" width=\"300\" height=\"188\" srcset=\"https:\/\/revistazetta.com\/wp-content\/uploads\/2017\/04\/coctel-0003-300x188.jpg 300w, https:\/\/revistazetta.com\/wp-content\/uploads\/2017\/04\/coctel-0003-234x146.jpg 234w, https:\/\/revistazetta.com\/wp-content\/uploads\/2017\/04\/coctel-0003-50x31.jpg 50w, https:\/\/revistazetta.com\/wp-content\/uploads\/2017\/04\/coctel-0003-120x75.jpg 120w, https:\/\/revistazetta.com\/wp-content\/uploads\/2017\/04\/coctel-0003.jpg 800w\" sizes=\"auto, (max-width: 300px) 100vw, 300px\" \/><p id=\"caption-attachment-19891\" class=\"wp-caption-text\">Javier Fern\u00e1ndez, Felipe Calder\u00f3n, Orlando Cabrales y Santiago Zapata.<\/p><\/div>\n<div id=\"attachment_19892\" style=\"width: 310px\" class=\"wp-caption alignright\"><img loading=\"lazy\" decoding=\"async\" aria-describedby=\"caption-attachment-19892\" class=\"wp-image-19892 size-medium\" src=\"https:\/\/www.revistazetta.com\/wp-content\/uploads\/2017\/04\/coctel-0004-300x188.jpg\" alt=\"coctel-0004\" width=\"300\" height=\"188\" srcset=\"https:\/\/revistazetta.com\/wp-content\/uploads\/2017\/04\/coctel-0004-300x188.jpg 300w, https:\/\/revistazetta.com\/wp-content\/uploads\/2017\/04\/coctel-0004-234x146.jpg 234w, https:\/\/revistazetta.com\/wp-content\/uploads\/2017\/04\/coctel-0004-50x31.jpg 50w, https:\/\/revistazetta.com\/wp-content\/uploads\/2017\/04\/coctel-0004-120x75.jpg 120w, https:\/\/revistazetta.com\/wp-content\/uploads\/2017\/04\/coctel-0004.jpg 800w\" sizes=\"auto, (max-width: 300px) 100vw, 300px\" \/><p id=\"caption-attachment-19892\" class=\"wp-caption-text\">Nestor Moseres, Manuel Naranjo, Felipe Calder\u00f3n, Antonio Celia y Orlando Cabrales<\/p><\/div>\n<div id=\"attachment_19893\" style=\"width: 310px\" class=\"wp-caption alignright\"><img loading=\"lazy\" decoding=\"async\" aria-describedby=\"caption-attachment-19893\" class=\"wp-image-19893 size-medium\" src=\"https:\/\/www.revistazetta.com\/wp-content\/uploads\/2017\/04\/coctel-0005-300x188.jpg\" alt=\"coctel-0005\" width=\"300\" height=\"188\" srcset=\"https:\/\/revistazetta.com\/wp-content\/uploads\/2017\/04\/coctel-0005-300x188.jpg 300w, https:\/\/revistazetta.com\/wp-content\/uploads\/2017\/04\/coctel-0005-234x146.jpg 234w, https:\/\/revistazetta.com\/wp-content\/uploads\/2017\/04\/coctel-0005-50x31.jpg 50w, https:\/\/revistazetta.com\/wp-content\/uploads\/2017\/04\/coctel-0005-120x75.jpg 120w, https:\/\/revistazetta.com\/wp-content\/uploads\/2017\/04\/coctel-0005.jpg 800w\" sizes=\"auto, (max-width: 300px) 100vw, 300px\" \/><p id=\"caption-attachment-19893\" class=\"wp-caption-text\">Antonio Celia, Oscar Montes y Ramon Davila.<\/p><\/div>\n<div id=\"attachment_19894\" style=\"width: 310px\" class=\"wp-caption alignright\"><img loading=\"lazy\" decoding=\"async\" aria-describedby=\"caption-attachment-19894\" class=\"wp-image-19894 size-medium\" src=\"https:\/\/www.revistazetta.com\/wp-content\/uploads\/2017\/04\/coctel-0006-300x188.jpg\" alt=\"coctel-0006\" width=\"300\" height=\"188\" srcset=\"https:\/\/revistazetta.com\/wp-content\/uploads\/2017\/04\/coctel-0006-300x188.jpg 300w, https:\/\/revistazetta.com\/wp-content\/uploads\/2017\/04\/coctel-0006-234x146.jpg 234w, https:\/\/revistazetta.com\/wp-content\/uploads\/2017\/04\/coctel-0006-50x31.jpg 50w, https:\/\/revistazetta.com\/wp-content\/uploads\/2017\/04\/coctel-0006-120x75.jpg 120w, https:\/\/revistazetta.com\/wp-content\/uploads\/2017\/04\/coctel-0006.jpg 800w\" sizes=\"auto, (max-width: 300px) 100vw, 300px\" \/><p id=\"caption-attachment-19894\" class=\"wp-caption-text\">Manuel Naranjo, Viviana Nule, Andr\u00e9s Sarmiento y Guillermo Fonseca.<\/p><\/div>\n<div id=\"attachment_19895\" style=\"width: 310px\" class=\"wp-caption alignright\"><img loading=\"lazy\" decoding=\"async\" aria-describedby=\"caption-attachment-19895\" class=\"wp-image-19895 size-medium\" src=\"https:\/\/www.revistazetta.com\/wp-content\/uploads\/2017\/04\/coctel-0007-300x188.jpg\" alt=\"coctel-0007\" width=\"300\" height=\"188\" srcset=\"https:\/\/revistazetta.com\/wp-content\/uploads\/2017\/04\/coctel-0007-300x188.jpg 300w, https:\/\/revistazetta.com\/wp-content\/uploads\/2017\/04\/coctel-0007-234x146.jpg 234w, https:\/\/revistazetta.com\/wp-content\/uploads\/2017\/04\/coctel-0007-50x31.jpg 50w, https:\/\/revistazetta.com\/wp-content\/uploads\/2017\/04\/coctel-0007-120x75.jpg 120w, https:\/\/revistazetta.com\/wp-content\/uploads\/2017\/04\/coctel-0007.jpg 800w\" sizes=\"auto, (max-width: 300px) 100vw, 300px\" \/><p id=\"caption-attachment-19895\" class=\"wp-caption-text\">Alvaro Vega, Ximena Fajardo y Alejandro Villegas.<\/p><\/div>\n<div id=\"attachment_19897\" style=\"width: 310px\" class=\"wp-caption alignright\"><img loading=\"lazy\" decoding=\"async\" aria-describedby=\"caption-attachment-19897\" class=\"wp-image-19897 size-medium\" src=\"https:\/\/www.revistazetta.com\/wp-content\/uploads\/2017\/04\/coctel-0009-300x188.jpg\" alt=\"coctel-0009\" width=\"300\" height=\"188\" srcset=\"https:\/\/revistazetta.com\/wp-content\/uploads\/2017\/04\/coctel-0009-300x188.jpg 300w, https:\/\/revistazetta.com\/wp-content\/uploads\/2017\/04\/coctel-0009-234x146.jpg 234w, https:\/\/revistazetta.com\/wp-content\/uploads\/2017\/04\/coctel-0009-50x31.jpg 50w, https:\/\/revistazetta.com\/wp-content\/uploads\/2017\/04\/coctel-0009-120x75.jpg 120w, https:\/\/revistazetta.com\/wp-content\/uploads\/2017\/04\/coctel-0009.jpg 800w\" sizes=\"auto, (max-width: 300px) 100vw, 300px\" \/><p id=\"caption-attachment-19897\" class=\"wp-caption-text\">Santiago Mejia, Jamila Bake y Alfredo Chamat.<\/p><\/div>\n<p>&nbsp;<\/p>\n<div id=\"attachment_19890\" style=\"width: 310px\" class=\"wp-caption alignright\"><img loading=\"lazy\" decoding=\"async\" aria-describedby=\"caption-attachment-19890\" class=\"wp-image-19890 size-medium\" src=\"https:\/\/www.revistazetta.com\/wp-content\/uploads\/2017\/04\/coctel-0002-300x188.jpg\" alt=\"coctel-0002\" width=\"300\" height=\"188\" srcset=\"https:\/\/revistazetta.com\/wp-content\/uploads\/2017\/04\/coctel-0002-300x188.jpg 300w, https:\/\/revistazetta.com\/wp-content\/uploads\/2017\/04\/coctel-0002-234x146.jpg 234w, https:\/\/revistazetta.com\/wp-content\/uploads\/2017\/04\/coctel-0002-50x31.jpg 50w, https:\/\/revistazetta.com\/wp-content\/uploads\/2017\/04\/coctel-0002-120x75.jpg 120w, https:\/\/revistazetta.com\/wp-content\/uploads\/2017\/04\/coctel-0002.jpg 800w\" sizes=\"auto, (max-width: 300px) 100vw, 300px\" \/><p id=\"caption-attachment-19890\" class=\"wp-caption-text\">Amaury De La Espriella, Angela Ria\u00f1o y Ricardo Fern\u00e1ndez.<\/p><\/div>\n","protected":false},"excerpt":{"rendered":"<p>En la Casa Surtig\u00e1s, de El Cabrero, se ofreci\u00f3 un coctel para darle la bienvenida a los participantes en el 20\u00ba Congreso de Naturg\u00e1s. (Fotos de Manuel Pedraza &#8211; Pedraza Producciones). &nbsp;<\/p>\n","protected":false},"author":3,"featured_media":19896,"comment_status":"open","ping_status":"closed","sticky":false,"template":"","format":"standard","meta":{"footnotes":"","_links_to":"","_links_to_target":""},"categories":[92],"tags":[],"class_list":["post-19889","post","type-post","status-publish","format-standard","has-post-thumbnail","hentry","category-galeria"],"_links":{"self":[{"href":"https:\/\/revistazetta.com\/index.php?rest_route=\/wp\/v2\/posts\/19889","targetHints":{"allow":["GET"]}}],"collection":[{"href":"https:\/\/revistazetta.com\/index.php?rest_route=\/wp\/v2\/posts"}],"about":[{"href":"https:\/\/revistazetta.com\/index.php?rest_route=\/wp\/v2\/types\/post"}],"author":[{"embeddable":true,"href":"https:\/\/revistazetta.com\/index.php?rest_route=\/wp\/v2\/users\/3"}],"replies":[{"embeddable":true,"href":"https:\/\/revistazetta.com\/index.php?rest_route=%2Fwp%2Fv2%2Fcomments&post=19889"}],"version-history":[{"count":0,"href":"https:\/\/revistazetta.com\/index.php?rest_route=\/wp\/v2\/posts\/19889\/revisions"}],"wp:featuredmedia":[{"embeddable":true,"href":"https:\/\/revistazetta.com\/index.php?rest_route=\/wp\/v2\/media\/19896"}],"wp:attachment":[{"href":"https:\/\/revistazetta.com\/index.php?rest_route=%2Fwp%2Fv2%2Fmedia&parent=19889"}],"wp:term":[{"taxonomy":"category","embeddable":true,"href":"https:\/\/revistazetta.com\/index.php?rest_route=%2Fwp%2Fv2%2Fcategories&post=19889"},{"taxonomy":"post_tag","embeddable":true,"href":"https:\/\/revistazetta.com\/index.php?rest_route=%2Fwp%2Fv2%2Ftags&post=19889"}],"curies":[{"name":"wp","href":"https:\/\/api.w.org\/{rel}","templated":true}]}}