{"id":19917,"date":"2017-04-09T22:07:31","date_gmt":"2017-04-10T03:07:31","guid":{"rendered":"http:\/\/www.revistazetta.com\/?p=19917"},"modified":"2017-04-09T22:10:07","modified_gmt":"2017-04-10T03:10:07","slug":"gobernacion-alcaldia-entregaron-ayudas-mocoa","status":"publish","type":"post","link":"https:\/\/revistazetta.com\/?p=19917","title":{"rendered":"Gobernaci\u00f3n y Alcald\u00eda entregaron ayudas para Mocoa"},"content":{"rendered":"<p>La Alcald\u00eda de Cartagena y la Gobernaci\u00f3n de Bol\u00edvar desarrollaron sendas campa\u00f1as de recolecci\u00f3n ene con una incapacidad merci adamnificados de la tragedia de Mocoa.<\/p>\n<p>o de un esguince, que le tiene con una incapacidad merci ay entrega de ayudas para los damnificados de la tragedia de Mocoa.<\/p>\n<p>Desde el pasado mi\u00e9rcoles 5 de abril, la Gobernaci\u00f3n de Bol\u00edvar dispuso dos centros de acopio ubicados en el Centro Administrativo Departamental e instalaciones de Iderbol para recibir las donaciones de los funcionarios y particulares destinadas al pueblo de Mocoa. Se extendi\u00f3 la invitaci\u00f3n a los bolivarenses seg\u00fan los lineamientos del Gobierno Nacional para la recepci\u00f3n de ayudas.<\/p>\n<p>La gestora social de Bol\u00edvar, Liliana Majana, se mostr\u00f3 complacida con la acogida de esta iniciativa, \u201cDesde Bol\u00edvar, todos estamos con Mocoa. Hemos hecho la entrega formal a la Defensa Civil de las ayudas que hemos recibido, gracias a todos los bolivarenses por su solidaridad\u201d, expres\u00f3 Majana, quien lider\u00f3 todo el proceso. Durante tres d\u00edas, se recibieron colchonetas, kits de aseo y cocina, alimentos no perecederos como granos y enlatados.<\/p>\n<p>\u201cEstas ayudas ser\u00e1n entregadas en su totalidad a las familias afectadas con esta lamentable tragedia\u201d, afirm\u00f3 el Mayor Mauricio Rodr\u00edguez, director seccional Bol\u00edvar de la Defensa Civil. Se convoca a la ciudadan\u00eda para que contin\u00faen llevando sus donaciones a las oficinas de la Defensa Civil\u00a0ubicada en el barrio Armenia Carrera 49 # 30A &#8211; 62 y a la Cruz Roja en barrio Espa\u00f1a calle 30 #44D-71.<\/p>\n<p>&nbsp;<\/p>\n<p><strong>Alcald\u00eda de Cartagena \u201cDe Coraz\u00f3n con Mocoa\u201d<\/strong><\/p>\n<p>\u201cHermanos de Mocoa ustedes no est\u00e1n solos\u201d eran algunas de las frases que se o\u00eda desde un equipo de sonido, a lo largo de las playas del sector El Bony en Bocagrande, con el fin de motivar a los ciudadanos a donar agua y toda clase de art\u00edculos que puedan aliviar la situaci\u00f3n de los damnificados de Mocoa, quienes fueron v\u00edctimas de una avalancha, que arras\u00f3 con todo a su paso.<\/p>\n<p>Bajo esta premisa, la Alcald\u00eda de Cartagena, a trav\u00e9s de la Escuela de Gobierno y Liderazgo, lideran la campa\u00f1a de solidaridad \u201cDe Coraz\u00f3n con Mocoa\u201d.<\/p>\n<p>Esta se inici\u00f3 desde tempranas horas del pasado s\u00e1bado con la presencia del alcalde Manolo Duque y la primera dama del Distrito, Viviana S\u00e1nchez de Duque.<\/p>\n<p>Una a una fueron llegando las diferentes dependencias del Distrito al centro de acopio ubicado en el barrio de Bocagrande, para contribuir con esta noble causa.<\/p>\n<p>De igual forma turistas y cartageneros llegaban al punto de recepci\u00f3n con el fin de pedir informaci\u00f3n para ayudar a los habitantes de Mocoa.<\/p>\n<p>Desde el lunes 10 de abril la campa\u00f1a \u201cDe Coraz\u00f3n con Mocoa\u201d se llevar\u00e1 a cabo en varios sitios de la ciudad.<\/p>\n<p>Es as\u00ed como la \u201ccarpa de acopio\u201d se trasladar\u00e1 a la Plaza de La Aduana este lunes, el martes y mi\u00e9rcoles a la estaci\u00f3n de Transcaribe, Mall Plaza, y la estaci\u00f3n de La Castellana, el jueves en La Plaza de la Proclamaci\u00f3n, el viernes la campa\u00f1a se traslada a la estaci\u00f3n de Transcaribe, Madre Bernarda y el s\u00e1bado a La Plaza de la paz.<\/p>\n<p>Durante el recorrido se recomienda donar kits de mercado familiar, aseo y humanitario.<\/p>\n<p>Mediante esta campa\u00f1a de solidaridad la Alcald\u00eda de Cartagena busca aportar un granito de arena a la causa por los hermanos de Mocoa.<\/p>\n","protected":false},"excerpt":{"rendered":"<p>La Alcald\u00eda de Cartagena y la Gobernaci\u00f3n de Bol\u00edvar desarrollaron sendas campa\u00f1as de recolecci\u00f3n ene con una incapacidad merci adamnificados de la tragedia de Mocoa. o de un esguince, que le tiene con una incapacidad merci ay entrega de ayudas para los damnificados de la tragedia de Mocoa. Desde el pasado mi\u00e9rcoles 5 de abril, la Gobernaci\u00f3n de Bol\u00edvar dispuso dos centros de acopio ubicados en el Centro Administrativo Departamental e instalaciones de Iderbol para recibir las donaciones de los funcionarios y particulares destinadas al pueblo de Mocoa. Se extendi\u00f3&#8230; <\/p>\n","protected":false},"author":3,"featured_media":19918,"comment_status":"open","ping_status":"closed","sticky":false,"template":"","format":"standard","meta":{"footnotes":"","_links_to":"","_links_to_target":""},"categories":[2],"tags":[],"class_list":["post-19917","post","type-post","status-publish","format-standard","has-post-thumbnail","hentry","category-actualidad"],"_links":{"self":[{"href":"https:\/\/revistazetta.com\/index.php?rest_route=\/wp\/v2\/posts\/19917","targetHints":{"allow":["GET"]}}],"collection":[{"href":"https:\/\/revistazetta.com\/index.php?rest_route=\/wp\/v2\/posts"}],"about":[{"href":"https:\/\/revistazetta.com\/index.php?rest_route=\/wp\/v2\/types\/post"}],"author":[{"embeddable":true,"href":"https:\/\/revistazetta.com\/index.php?rest_route=\/wp\/v2\/users\/3"}],"replies":[{"embeddable":true,"href":"https:\/\/revistazetta.com\/index.php?rest_route=%2Fwp%2Fv2%2Fcomments&post=19917"}],"version-history":[{"count":0,"href":"https:\/\/revistazetta.com\/index.php?rest_route=\/wp\/v2\/posts\/19917\/revisions"}],"wp:featuredmedia":[{"embeddable":true,"href":"https:\/\/revistazetta.com\/index.php?rest_route=\/wp\/v2\/media\/19918"}],"wp:attachment":[{"href":"https:\/\/revistazetta.com\/index.php?rest_route=%2Fwp%2Fv2%2Fmedia&parent=19917"}],"wp:term":[{"taxonomy":"category","embeddable":true,"href":"https:\/\/revistazetta.com\/index.php?rest_route=%2Fwp%2Fv2%2Fcategories&post=19917"},{"taxonomy":"post_tag","embeddable":true,"href":"https:\/\/revistazetta.com\/index.php?rest_route=%2Fwp%2Fv2%2Ftags&post=19917"}],"curies":[{"name":"wp","href":"https:\/\/api.w.org\/{rel}","templated":true}]}}