{"id":19919,"date":"2017-04-09T22:13:18","date_gmt":"2017-04-10T03:13:18","guid":{"rendered":"http:\/\/www.revistazetta.com\/?p=19919"},"modified":"2017-04-09T22:13:18","modified_gmt":"2017-04-10T03:13:18","slug":"bicicletas-dan-pedalazo-incentivar-uso","status":"publish","type":"post","link":"https:\/\/revistazetta.com\/?p=19919","title":{"rendered":"Bicicletas dan otro pedalazo para incentivar su uso"},"content":{"rendered":"<p>En el sal\u00f3n Vicente Mart\u00ednez Martelo de la Alcald\u00eda de Cartagena se entregaron los resultados del proyecto \u201cCartagena Pedalea, iniciativa que busca promover el uso de la bicicleta como transporte urbano en los habitantes de la ciudad.<\/p>\n<p>Los resultados \u00a0se centraron en los componentes de recopilaci\u00f3n de datos e informaci\u00f3n para identificar las necesidades de ciclo-infraestructura, fortalecimiento institucional para que la ciudad desarrolle pol\u00edticas ciclo-inclusivas y una estrategia de promoci\u00f3n del uso de la bicicleta.<\/p>\n<p>La \u00a0iniciativa fue liderada por la Alcald\u00eda de Cartagena, en cooperaci\u00f3n con la Embajada del Reino de los Pa\u00edses Bajos y Findeter, bajo ejecuci\u00f3n de la firma Despacio en alianza con Biko y supervisi\u00f3n de la empresa consultora holandesa JB Mobility.<\/p>\n<p>La recopilaci\u00f3n de datos del uso de la bicicleta se hizo a trav\u00e9s de la aplicaci\u00f3n Biko, que registr\u00f3 los recorridos de los ciclo-usuarios en tiempo real, y les permiti\u00f3 acumular puntos seg\u00fan el n\u00famero de kil\u00f3metros recorridos. Con el uso de esta herramienta se identific\u00f3 no solo los or\u00edgenes y destinos m\u00e1s comunes de los cartageneros; sino tambi\u00e9n las rutas m\u00e1s utilizadas. Del mismo modo, se identificaron las horas de mayor demanda de viajes en bicicleta y tambi\u00e9n los d\u00edas en que m\u00e1s se utiliza este medio de transporte.<\/p>\n<p>\u201cDe acuerdo con los datos que ellos nos entregaron se han realizado algunas recomendaciones sobre qu\u00e9 recorridos se pueden priorizar, tanto en infraestructura como fortalecimiento institucional que lleven a la formulaci\u00f3n de pol\u00edticas ciclo-inclusivas\u201d, dijo el alcalde de Cartagena, Manolo Duque.<\/p>\n<p>Dentro de la estrategia de promoci\u00f3n para el uso de la bicicleta, se incluyeron dos incentivos que los usuarios pod\u00edan obtener redimiendo bikos: un tiquete a cualquier destino nacional y una bicicleta personalizada, en un per\u00edodo de redenci\u00f3n de puntos para la bicicleta desde el 1 hasta el 23 de marzo de 2017, Alejandro Rivera, fue ganador de la bicicleta y quien recorre todos los d\u00edas 11 Km desde el barrio Viejo Porvenir hasta Bocagrande.<\/p>\n<p>&nbsp;<\/p>\n<p><strong><u>Conclusiones<\/u><\/strong><\/p>\n<p>En primer lugar, en cuanto a las caracter\u00edsticas demogr\u00e1ficas, los grupos de edad que m\u00e1s usan la bicicleta son entre 18 y 45 a\u00f1os y la mayor\u00eda son hombres. El clima no es un factor crucial para usar la bicicleta como medio de transporte cotidiano (en horas pico) pues la temperatura no es tan alta como en las horas valle. De hecho, el comportamiento de viajes es muy similar al de otros modos en t\u00e9rminos de horarios e incluso or\u00edgenes y destinos.<\/p>\n<p>Por otra parte, fue importante notar que el uso de la bicicleta en Cartagena no es solamente recreativo, ya que es muy predominante el uso entre semana y con fines utilitarios. Cuando es usada en los fines de semana, principalmente ese hace durante las horas de menos sol (primeras horas del d\u00eda).<\/p>\n<p>Se encontr\u00f3 que se presentan muchos viajes cortos, pero tambi\u00e9n recorridos largos e inter-municipales: la bicicleta es una opci\u00f3n real de transporte. Adicionalmente, a ra\u00edz del uso de la bicicleta de los 483 usuarios de la aplicaci\u00f3n desde el 23 de enero al 6 de marzo de 2017 se redujeron 5.601 Kg de CO2 y se quemaron 1.305.677 calor\u00edas. Los Pa\u00edses Bajos son un ejemplo a nivel mundial en el tema de bicicletas, y por ende su experticia conjugada con la experticia colombiana han dado resultado a un proyecto que identifica las necesidades urgentes que en esta materia requiere Cartagena, y a una serie de recomendaciones estrat\u00e9gicas, pr\u00e1cticas y sostenibles que contribuir\u00e1n al desarrollo de la hoja de ruta de la ciudad en esta materia.<\/p>\n","protected":false},"excerpt":{"rendered":"<p>En el sal\u00f3n Vicente Mart\u00ednez Martelo de la Alcald\u00eda de Cartagena se entregaron los resultados del proyecto \u201cCartagena Pedalea, iniciativa que busca promover el uso de la bicicleta como transporte urbano en los habitantes de la ciudad. Los resultados \u00a0se centraron en los componentes de recopilaci\u00f3n de datos e informaci\u00f3n para identificar las necesidades de ciclo-infraestructura, fortalecimiento institucional para que la ciudad desarrolle pol\u00edticas ciclo-inclusivas y una estrategia de promoci\u00f3n del uso de la bicicleta. La \u00a0iniciativa fue liderada por la Alcald\u00eda de Cartagena, en cooperaci\u00f3n con la Embajada del&#8230; <\/p>\n","protected":false},"author":3,"featured_media":19920,"comment_status":"open","ping_status":"closed","sticky":false,"template":"","format":"standard","meta":{"footnotes":"","_links_to":"","_links_to_target":""},"categories":[32],"tags":[],"class_list":["post-19919","post","type-post","status-publish","format-standard","has-post-thumbnail","hentry","category-actualidad-distrito"],"_links":{"self":[{"href":"https:\/\/revistazetta.com\/index.php?rest_route=\/wp\/v2\/posts\/19919","targetHints":{"allow":["GET"]}}],"collection":[{"href":"https:\/\/revistazetta.com\/index.php?rest_route=\/wp\/v2\/posts"}],"about":[{"href":"https:\/\/revistazetta.com\/index.php?rest_route=\/wp\/v2\/types\/post"}],"author":[{"embeddable":true,"href":"https:\/\/revistazetta.com\/index.php?rest_route=\/wp\/v2\/users\/3"}],"replies":[{"embeddable":true,"href":"https:\/\/revistazetta.com\/index.php?rest_route=%2Fwp%2Fv2%2Fcomments&post=19919"}],"version-history":[{"count":0,"href":"https:\/\/revistazetta.com\/index.php?rest_route=\/wp\/v2\/posts\/19919\/revisions"}],"wp:featuredmedia":[{"embeddable":true,"href":"https:\/\/revistazetta.com\/index.php?rest_route=\/wp\/v2\/media\/19920"}],"wp:attachment":[{"href":"https:\/\/revistazetta.com\/index.php?rest_route=%2Fwp%2Fv2%2Fmedia&parent=19919"}],"wp:term":[{"taxonomy":"category","embeddable":true,"href":"https:\/\/revistazetta.com\/index.php?rest_route=%2Fwp%2Fv2%2Fcategories&post=19919"},{"taxonomy":"post_tag","embeddable":true,"href":"https:\/\/revistazetta.com\/index.php?rest_route=%2Fwp%2Fv2%2Ftags&post=19919"}],"curies":[{"name":"wp","href":"https:\/\/api.w.org\/{rel}","templated":true}]}}