{"id":19924,"date":"2017-04-09T22:17:26","date_gmt":"2017-04-10T03:17:26","guid":{"rendered":"http:\/\/www.revistazetta.com\/?p=19924"},"modified":"2017-04-09T22:19:32","modified_gmt":"2017-04-10T03:19:32","slug":"los-jovenes-la-localidad-1-reciben-oferta-educativa","status":"publish","type":"post","link":"https:\/\/revistazetta.com\/?p=19924","title":{"rendered":"Los j\u00f3venes de la Localidad 1 reciben oferta educativa"},"content":{"rendered":"<p>Con el objeto facilitar el acceso a la informaci\u00f3n sobre la oferta que en materia de educaci\u00f3n tiene el Gobierno Distrital para la poblaci\u00f3n en situaci\u00f3n de vulnerabilidad, el subprograma de Educaci\u00f3n para la Superaci\u00f3n de la Pobreza y la Desigualdad ejecutado por el Plan de emergencia Social PES, realiz\u00f3 en las instalaciones de la Alcald\u00eda Menor de la Localidad 1 en Santa Rita, una jornada de promoci\u00f3n de los planes y programas educativos a los que pueden acceder especialmente los j\u00f3venes.<\/p>\n<p>Javier Lora Jim\u00e9nez director del PES-PR manifest\u00f3 que 148 j\u00f3venes habitantes de los barrios San Francisco, Pablo Sexto, Petare, Daniel Lemaitre, San Bernardo de As\u00eds, La Mar\u00eda, Pablo Sexto, Paseo Bol\u00edvar, Torices entre otros sectores, recibieron toda la informaci\u00f3n relacionada con la oferta de educaci\u00f3n superior y formaci\u00f3n para el trabajo de las entidades p\u00fablicas y privadas que asistieron a la actividad con su portafolio de servicios.<\/p>\n<p>El Sena, los Centros Regionales de Educaci\u00f3n Superior \u2013 CERES y el Fondo Educativo Bicentenario presentaron las carreras con las que cuenta el sector oficial, mientras que por la empresa privada, se present\u00f3 la Universidad Nacional Abierta y a Distancia- UNAD, el Instituto Summit para el Trabajo y el Desarrollo Humano y Citucar, entidades a las cuales muchos lograron acceder de forma inmediata a los procesos de inscripci\u00f3n y matr\u00edcula, mientras la poblaci\u00f3n asistente se informaba adem\u00e1s sobre la amplia lista de cursos de formaci\u00f3n complementaria para el trabajo que tambi\u00e9n se encuentran a disposici\u00f3n de la comunidad en las tres localidades.<\/p>\n","protected":false},"excerpt":{"rendered":"<p>Con el objeto facilitar el acceso a la informaci\u00f3n sobre la oferta que en materia de educaci\u00f3n tiene el Gobierno Distrital para la poblaci\u00f3n en situaci\u00f3n de vulnerabilidad, el subprograma de Educaci\u00f3n para la Superaci\u00f3n de la Pobreza y la Desigualdad ejecutado por el Plan de emergencia Social PES, realiz\u00f3 en las instalaciones de la Alcald\u00eda Menor de la Localidad 1 en Santa Rita, una jornada de promoci\u00f3n de los planes y programas educativos a los que pueden acceder especialmente los j\u00f3venes. Javier Lora Jim\u00e9nez director del PES-PR manifest\u00f3 que&#8230; <\/p>\n","protected":false},"author":3,"featured_media":19925,"comment_status":"open","ping_status":"closed","sticky":false,"template":"","format":"standard","meta":{"footnotes":"","_links_to":"","_links_to_target":""},"categories":[2],"tags":[],"class_list":["post-19924","post","type-post","status-publish","format-standard","has-post-thumbnail","hentry","category-actualidad"],"_links":{"self":[{"href":"https:\/\/revistazetta.com\/index.php?rest_route=\/wp\/v2\/posts\/19924","targetHints":{"allow":["GET"]}}],"collection":[{"href":"https:\/\/revistazetta.com\/index.php?rest_route=\/wp\/v2\/posts"}],"about":[{"href":"https:\/\/revistazetta.com\/index.php?rest_route=\/wp\/v2\/types\/post"}],"author":[{"embeddable":true,"href":"https:\/\/revistazetta.com\/index.php?rest_route=\/wp\/v2\/users\/3"}],"replies":[{"embeddable":true,"href":"https:\/\/revistazetta.com\/index.php?rest_route=%2Fwp%2Fv2%2Fcomments&post=19924"}],"version-history":[{"count":0,"href":"https:\/\/revistazetta.com\/index.php?rest_route=\/wp\/v2\/posts\/19924\/revisions"}],"wp:featuredmedia":[{"embeddable":true,"href":"https:\/\/revistazetta.com\/index.php?rest_route=\/wp\/v2\/media\/19925"}],"wp:attachment":[{"href":"https:\/\/revistazetta.com\/index.php?rest_route=%2Fwp%2Fv2%2Fmedia&parent=19924"}],"wp:term":[{"taxonomy":"category","embeddable":true,"href":"https:\/\/revistazetta.com\/index.php?rest_route=%2Fwp%2Fv2%2Fcategories&post=19924"},{"taxonomy":"post_tag","embeddable":true,"href":"https:\/\/revistazetta.com\/index.php?rest_route=%2Fwp%2Fv2%2Ftags&post=19924"}],"curies":[{"name":"wp","href":"https:\/\/api.w.org\/{rel}","templated":true}]}}