{"id":19926,"date":"2017-04-09T22:22:08","date_gmt":"2017-04-10T03:22:08","guid":{"rendered":"http:\/\/www.revistazetta.com\/?p=19926"},"modified":"2017-04-09T22:22:08","modified_gmt":"2017-04-10T03:22:08","slug":"carlos-barrios-ve-dos-caminos-le-devuelvan-la-curul-la-silla-vacia","status":"publish","type":"post","link":"https:\/\/revistazetta.com\/?p=19926","title":{"rendered":"Carlos Barrios ve dos caminos: que le devuelvan la curul o la silla vac\u00eda"},"content":{"rendered":"<p><strong><img loading=\"lazy\" decoding=\"async\" class=\"size-medium wp-image-19928 alignleft\" src=\"https:\/\/www.revistazetta.com\/wp-content\/uploads\/2017\/04\/ZZZ_6776-300x188.jpg\" alt=\"ZZZ_6776\" width=\"300\" height=\"188\" srcset=\"https:\/\/revistazetta.com\/wp-content\/uploads\/2017\/04\/ZZZ_6776-300x188.jpg 300w, https:\/\/revistazetta.com\/wp-content\/uploads\/2017\/04\/ZZZ_6776-234x146.jpg 234w, https:\/\/revistazetta.com\/wp-content\/uploads\/2017\/04\/ZZZ_6776-50x31.jpg 50w, https:\/\/revistazetta.com\/wp-content\/uploads\/2017\/04\/ZZZ_6776-120x75.jpg 120w, https:\/\/revistazetta.com\/wp-content\/uploads\/2017\/04\/ZZZ_6776.jpg 800w\" sizes=\"auto, (max-width: 300px) 100vw, 300px\" \/><\/strong>En entrevista con John Zamora, director de Revista Zetta, Carlos Barrios sostiene que todav\u00eda es Concejal de Cartagena y que el presidente el Concejo, Lewis Montero, desconoci\u00f3 el debido proceso. Se\u00f1ala \u00abcercan\u00eda\u00bb entre la contralora Nubia Fontalvo y Wilson Toncel, que pidi\u00f3 ocupar esa curul. Espera que el recurso de reposici\u00f3n sea resuelto a su favor, o de lo contrario se deba aplicar la silla vac\u00eda.<\/p>\n<p>La historia de este novel\u00f3n pol\u00edtico qued\u00f3 en suspenso el s\u00e1bado 8 de abril, y el pr\u00f3ximo cap\u00edtulo lo veremos el lunes 16 de abril, cuando termine el receso de Semana Santa. La situaci\u00f3n se encuentra en suspenso, como las buenas series policiacas, en \u201ccontinuar\u00e1\u201d para resolver estos interrogantes:<\/p>\n<p>\u00bfEs o no Carlos Barrios concejal de Cartagena?<\/p>\n<p>\u00bfC\u00f3mo se resolver\u00e1 su recurso de reposici\u00f3n?<\/p>\n<p>\u00bfSe posesionar\u00e1 Wilson Toncel?<\/p>\n<p>\u00bfSe aplicar\u00e1 la silla vac\u00eda?<\/p>\n<p>\u00bfLewis Montero acert\u00f3 o la embarr\u00f3?<\/p>\n<p>\u00bfQu\u00e9 caminos jur\u00eddicos le quedan a Barrios?<\/p>\n<p><img loading=\"lazy\" decoding=\"async\" class=\"alignright size-medium wp-image-19927\" src=\"https:\/\/www.revistazetta.com\/wp-content\/uploads\/2017\/04\/ZZZ_6770-300x188.jpg\" alt=\"ZZZ_6770\" width=\"300\" height=\"188\" srcset=\"https:\/\/revistazetta.com\/wp-content\/uploads\/2017\/04\/ZZZ_6770-300x188.jpg 300w, https:\/\/revistazetta.com\/wp-content\/uploads\/2017\/04\/ZZZ_6770-234x146.jpg 234w, https:\/\/revistazetta.com\/wp-content\/uploads\/2017\/04\/ZZZ_6770-50x31.jpg 50w, https:\/\/revistazetta.com\/wp-content\/uploads\/2017\/04\/ZZZ_6770-120x75.jpg 120w, https:\/\/revistazetta.com\/wp-content\/uploads\/2017\/04\/ZZZ_6770.jpg 800w\" sizes=\"auto, (max-width: 300px) 100vw, 300px\" \/>Todos esos interrogantes se los formulamos a Carlos Barrios en este di\u00e1logo con John Zamora. Lo encontramos en su apartamento, con el pie derecho vendado producto de un esguince, que le tiene con una incapacidad m\u00e9dica.<\/p>\n<p>En la primera parte de este reportaje, indagamos sobre el origen de todo este asunto, y son sus decisiones como director del Fondo Territorial de Pensiones, que le valieron un proceso fiscal y el fallo adverso de la Contralor\u00eda Distrital, que en este momento lo tiene por fuera del Concejo.<\/p>\n<p>&nbsp;<\/p>\n<p><a href=\"https:\/\/soundcloud.com\/revistazetta-com\/carlos-barrios-se-defiende-parte-1\" target=\"_blank\" rel=\"noopener\">https:\/\/soundcloud.com\/revistazetta-com\/carlos-barrios-se-defiende-parte-1<\/a><\/p>\n<p>&nbsp;<\/p>\n<p>&nbsp;<\/p>\n<p>En la segunda parte, Carlos Barrios nos dice si considera que la \u201cembarr\u00f3\u201d el presidente del Concejo, Lewis Montero, al expedir la resoluci\u00f3n 047 que declara la vacancia absoluta y p\u00e9rdida de la curul. De igual forma nos ilustra sobre los caminos jur\u00eddicos que tiene a la mano para defender su curul.<\/p>\n<p><img loading=\"lazy\" decoding=\"async\" class=\"alignright size-medium wp-image-19929\" src=\"https:\/\/www.revistazetta.com\/wp-content\/uploads\/2017\/04\/ZZZ_6780-188x300.jpg\" alt=\"ZZZ_6780\" width=\"188\" height=\"300\" srcset=\"https:\/\/revistazetta.com\/wp-content\/uploads\/2017\/04\/ZZZ_6780-188x300.jpg 188w, https:\/\/revistazetta.com\/wp-content\/uploads\/2017\/04\/ZZZ_6780-91x146.jpg 91w, https:\/\/revistazetta.com\/wp-content\/uploads\/2017\/04\/ZZZ_6780-31x50.jpg 31w, https:\/\/revistazetta.com\/wp-content\/uploads\/2017\/04\/ZZZ_6780-47x75.jpg 47w, https:\/\/revistazetta.com\/wp-content\/uploads\/2017\/04\/ZZZ_6780.jpg 500w\" sizes=\"auto, (max-width: 188px) 100vw, 188px\" \/><\/p>\n<p><a href=\"https:\/\/soundcloud.com\/revistazetta-com\/carlos-barrios-se-defiende-parte-2\" target=\"_blank\" rel=\"noopener\">https:\/\/soundcloud.com\/revistazetta-com\/carlos-barrios-se-defiende-parte-2<\/a><\/p>\n<p>&nbsp;<\/p>\n<p>En esta tercera parte, afloran los \u201cvainazos\u201d a los que le siguen en turno en la lista de Cambio Radical, y se\u00f1ala con preocupaci\u00f3n una cercan\u00eda entre la contralora Nubia Fontalvo y el sector pol\u00edtico del ex concejal Wilson Toncel.<\/p>\n<p>&nbsp;<\/p>\n<p><a href=\"https:\/\/soundcloud.com\/revistazetta-com\/carlos-barrios-se-defiende-tercera-parte\" target=\"_blank\" rel=\"noopener\">https:\/\/soundcloud.com\/revistazetta-com\/carlos-barrios-se-defiende-tercera-parte<\/a><\/p>\n<p>&nbsp;<\/p>\n<p><a href=\"https:\/\/soundcloud.com\/revistazetta-com\/carlos-barrios-se-defiende-entrevista-completa\" target=\"_blank\" rel=\"noopener\">https:\/\/soundcloud.com\/revistazetta-com\/carlos-barrios-se-defiende-entrevista-completa<\/a><\/p>\n<p>&nbsp;<\/p>\n<p>&nbsp;<\/p>\n","protected":false},"excerpt":{"rendered":"<p>En entrevista con John Zamora, director de Revista Zetta, Carlos Barrios sostiene que todav\u00eda es Concejal de Cartagena y que el presidente el Concejo, Lewis Montero, desconoci\u00f3 el debido proceso. Se\u00f1ala \u00abcercan\u00eda\u00bb entre la contralora Nubia Fontalvo y Wilson Toncel, que pidi\u00f3 ocupar esa curul. Espera que el recurso de reposici\u00f3n sea resuelto a su favor, o de lo contrario se deba aplicar la silla vac\u00eda. La historia de este novel\u00f3n pol\u00edtico qued\u00f3 en suspenso el s\u00e1bado 8 de abril, y el pr\u00f3ximo cap\u00edtulo lo veremos el lunes 16 de&#8230; <\/p>\n","protected":false},"author":3,"featured_media":19909,"comment_status":"open","ping_status":"closed","sticky":false,"template":"","format":"standard","meta":{"footnotes":"","_links_to":"","_links_to_target":""},"categories":[75,30],"tags":[],"class_list":["post-19926","post","type-post","status-publish","format-standard","has-post-thumbnail","hentry","category-destacada","category-politica-entrevistas"],"_links":{"self":[{"href":"https:\/\/revistazetta.com\/index.php?rest_route=\/wp\/v2\/posts\/19926","targetHints":{"allow":["GET"]}}],"collection":[{"href":"https:\/\/revistazetta.com\/index.php?rest_route=\/wp\/v2\/posts"}],"about":[{"href":"https:\/\/revistazetta.com\/index.php?rest_route=\/wp\/v2\/types\/post"}],"author":[{"embeddable":true,"href":"https:\/\/revistazetta.com\/index.php?rest_route=\/wp\/v2\/users\/3"}],"replies":[{"embeddable":true,"href":"https:\/\/revistazetta.com\/index.php?rest_route=%2Fwp%2Fv2%2Fcomments&post=19926"}],"version-history":[{"count":0,"href":"https:\/\/revistazetta.com\/index.php?rest_route=\/wp\/v2\/posts\/19926\/revisions"}],"wp:featuredmedia":[{"embeddable":true,"href":"https:\/\/revistazetta.com\/index.php?rest_route=\/wp\/v2\/media\/19909"}],"wp:attachment":[{"href":"https:\/\/revistazetta.com\/index.php?rest_route=%2Fwp%2Fv2%2Fmedia&parent=19926"}],"wp:term":[{"taxonomy":"category","embeddable":true,"href":"https:\/\/revistazetta.com\/index.php?rest_route=%2Fwp%2Fv2%2Fcategories&post=19926"},{"taxonomy":"post_tag","embeddable":true,"href":"https:\/\/revistazetta.com\/index.php?rest_route=%2Fwp%2Fv2%2Ftags&post=19926"}],"curies":[{"name":"wp","href":"https:\/\/api.w.org\/{rel}","templated":true}]}}