{"id":19930,"date":"2017-04-09T22:35:32","date_gmt":"2017-04-10T03:35:32","guid":{"rendered":"http:\/\/www.revistazetta.com\/?p=19930"},"modified":"2017-04-10T08:31:03","modified_gmt":"2017-04-10T13:31:03","slug":"carlos-barrios-no-concejal-sostiene-lewis-montero","status":"publish","type":"post","link":"https:\/\/revistazetta.com\/?p=19930","title":{"rendered":"Carlos Barrios no es concejal, sostiene Lewis Montero"},"content":{"rendered":"<p>El presidente del Concejo se reafirm\u00f3: sostiene que Carlos Barrios no es concejal de Cartagena, y defendi\u00f3 la entereza jur\u00eddica de la resoluci\u00f3n 047 en la que declara la vacancia absoluta de esa curul.<\/p>\n<p>\u201cEntonces est\u00e1n equivocados en el Consejo de Estado, est\u00e1n equivocados los doctrinantes, est\u00e1 equivocados todos menos \u00e9l\u201d, dijo al aludir al recurso de reposici\u00f3n que interpuso el cesado concejal.<\/p>\n<p>Montero dijo que conceptualmente ese recurso ya est\u00e1 resuelto, pues se confirmar\u00e1 la decisi\u00f3n de la resoluci\u00f3n recurrida, y que solo espera que se den los t\u00e9rminos de ley para firmar la respuesta.<\/p>\n<p>https:\/\/soundcloud.com\/revistazetta-com\/lewis-montero-dice-que-carlos-barrios-no-es-concejal<\/p>\n","protected":false},"excerpt":{"rendered":"<p>El presidente del Concejo se reafirm\u00f3: sostiene que Carlos Barrios no es concejal de Cartagena, y defendi\u00f3 la entereza jur\u00eddica de la resoluci\u00f3n 047 en la que declara la vacancia absoluta de esa curul. \u201cEntonces est\u00e1n equivocados en el Consejo de Estado, est\u00e1n equivocados los doctrinantes, est\u00e1 equivocados todos menos \u00e9l\u201d, dijo al aludir al recurso de reposici\u00f3n que interpuso el cesado concejal. Montero dijo que conceptualmente ese recurso ya est\u00e1 resuelto, pues se confirmar\u00e1 la decisi\u00f3n de la resoluci\u00f3n recurrida, y que solo espera que se den los t\u00e9rminos&#8230; <\/p>\n","protected":false},"author":3,"featured_media":19931,"comment_status":"open","ping_status":"closed","sticky":false,"template":"","format":"standard","meta":{"footnotes":"","_links_to":"","_links_to_target":""},"categories":[4,27,75],"tags":[],"class_list":["post-19930","post","type-post","status-publish","format-standard","has-post-thumbnail","hentry","category-politica","category-politicaconcejo","category-destacada"],"_links":{"self":[{"href":"https:\/\/revistazetta.com\/index.php?rest_route=\/wp\/v2\/posts\/19930","targetHints":{"allow":["GET"]}}],"collection":[{"href":"https:\/\/revistazetta.com\/index.php?rest_route=\/wp\/v2\/posts"}],"about":[{"href":"https:\/\/revistazetta.com\/index.php?rest_route=\/wp\/v2\/types\/post"}],"author":[{"embeddable":true,"href":"https:\/\/revistazetta.com\/index.php?rest_route=\/wp\/v2\/users\/3"}],"replies":[{"embeddable":true,"href":"https:\/\/revistazetta.com\/index.php?rest_route=%2Fwp%2Fv2%2Fcomments&post=19930"}],"version-history":[{"count":0,"href":"https:\/\/revistazetta.com\/index.php?rest_route=\/wp\/v2\/posts\/19930\/revisions"}],"wp:featuredmedia":[{"embeddable":true,"href":"https:\/\/revistazetta.com\/index.php?rest_route=\/wp\/v2\/media\/19931"}],"wp:attachment":[{"href":"https:\/\/revistazetta.com\/index.php?rest_route=%2Fwp%2Fv2%2Fmedia&parent=19930"}],"wp:term":[{"taxonomy":"category","embeddable":true,"href":"https:\/\/revistazetta.com\/index.php?rest_route=%2Fwp%2Fv2%2Fcategories&post=19930"},{"taxonomy":"post_tag","embeddable":true,"href":"https:\/\/revistazetta.com\/index.php?rest_route=%2Fwp%2Fv2%2Ftags&post=19930"}],"curies":[{"name":"wp","href":"https:\/\/api.w.org\/{rel}","templated":true}]}}