{"id":19932,"date":"2017-04-10T07:20:36","date_gmt":"2017-04-10T12:20:36","guid":{"rendered":"http:\/\/www.revistazetta.com\/?p=19932"},"modified":"2017-04-10T08:11:37","modified_gmt":"2017-04-10T13:11:37","slug":"se-confirma-aspiracion-senado-emeterio-montes","status":"publish","type":"post","link":"https:\/\/revistazetta.com\/?p=19932","title":{"rendered":"Se confirma aspiraci\u00f3n a Senado de Emeterio Montes"},"content":{"rendered":"<div id=\"attachment_19934\" style=\"width: 250px\" class=\"wp-caption alignright\"><img loading=\"lazy\" decoding=\"async\" aria-describedby=\"caption-attachment-19934\" class=\"wp-image-19934 size-medium\" src=\"https:\/\/www.revistazetta.com\/wp-content\/uploads\/2017\/04\/Emeterio-Montes-2-240x300.jpg\" alt=\"Emeterio Montes 2\" width=\"240\" height=\"300\" srcset=\"https:\/\/revistazetta.com\/wp-content\/uploads\/2017\/04\/Emeterio-Montes-2-240x300.jpg 240w, https:\/\/revistazetta.com\/wp-content\/uploads\/2017\/04\/Emeterio-Montes-2-117x146.jpg 117w, https:\/\/revistazetta.com\/wp-content\/uploads\/2017\/04\/Emeterio-Montes-2-40x50.jpg 40w, https:\/\/revistazetta.com\/wp-content\/uploads\/2017\/04\/Emeterio-Montes-2-60x75.jpg 60w, https:\/\/revistazetta.com\/wp-content\/uploads\/2017\/04\/Emeterio-Montes-2.jpg 400w\" sizes=\"auto, (max-width: 240px) 100vw, 240px\" \/><p id=\"caption-attachment-19934\" class=\"wp-caption-text\">Emeterio Montes de Castro, aspirante al Senado.<\/p><\/div>\n<p>Confirmada qued\u00f3 la aspiraci\u00f3n a Senado de Emeterio Montes de Castro, quien encabeza una de las plataformas pol\u00edticas de mayor influencia en Bol\u00edvar y el Caribe.<\/p>\n<p>Montes de Castro comenz\u00f3 a trabajar la agenda program\u00e1tica de su postulaci\u00f3n basado en la juventud, la educaci\u00f3n y la superaci\u00f3n de los \u00edndices de pobreza, y plante\u00f3 una serie de encuentros en las comunidades para robustecer la propuesta.<\/p>\n<p>El nombre de Emeterio Montes es muy recordado en Cartagena y Bol\u00edvar toda vez que su padre, del mismo nombre, fue congresista, diputado, gerente de entidades oficiales, y tuvo gran preponderancia pol\u00edtica.<\/p>\n<p>\u201cMi padre, Emeterio Montes Fern\u00e1ndez, vive en Bogot\u00e1, pensionado, dedicado a la familia, fue una persona dedicada toda la vida a ayudar, a cumplirle a sus electores, y la idea de retomar esas banderas y ampliarlas al resto d el pa\u00eds\u201d, dice Montes de Castro.<\/p>\n<p>Respecto de los primeros planteamientos de su campa\u00f1a al Senado, Emeterio Montes de Castro hace su primera invitaci\u00f3n a los j\u00f3venes del Caribe. \u201cDebemos los j\u00f3venes con manos limpias renovar el ejercicio de la pol\u00edtica, de lo p\u00fablico, hay que ganar esos espacios de participaci\u00f3n de influencia para cambiar el estado actual de las cosas porque Colombia lo necesita\u201d.<\/p>\n<p>Sobre la situaci\u00f3n de su natal Cartagena y el departamento de Bol\u00edvar, sostiene que est\u00e1n avanzando, tienen retos importantes, \u201cpero todo es susceptible de ser mejorado, especialmente para resolver las necesidades b\u00e1sicas insatisfechas de un alto porcentaje de la poblaci\u00f3n\u201d.<\/p>\n<p>Pero sin duda su principal preocupaci\u00f3n es la calidad de la educaci\u00f3n en el Caribe. \u201cEs un tema crucial, los \u00edndices de pobreza indican que debemos trabajar en pro de la educaci\u00f3n y mejorar la calidad de vida de la regi\u00f3n\u201d, expresa y a\u00f1ade que \u201ca trav\u00e9s de la educaci\u00f3n podemos superarnos como personas, tener esperanzas de vida, superarnos, satisfacer nuestras necesidades y aportar a la sociedad\u201d.<\/p>\n<p>https:\/\/soundcloud.com\/revistazetta-com\/emeterio-montes-confirma-aspiracion-a-senado<\/p>\n","protected":false},"excerpt":{"rendered":"<p>Confirmada qued\u00f3 la aspiraci\u00f3n a Senado de Emeterio Montes de Castro, quien encabeza una de las plataformas pol\u00edticas de mayor influencia en Bol\u00edvar y el Caribe. Montes de Castro comenz\u00f3 a trabajar la agenda program\u00e1tica de su postulaci\u00f3n basado en la juventud, la educaci\u00f3n y la superaci\u00f3n de los \u00edndices de pobreza, y plante\u00f3 una serie de encuentros en las comunidades para robustecer la propuesta. El nombre de Emeterio Montes es muy recordado en Cartagena y Bol\u00edvar toda vez que su padre, del mismo nombre, fue congresista, diputado, gerente de&#8230; <\/p>\n","protected":false},"author":3,"featured_media":19933,"comment_status":"open","ping_status":"closed","sticky":false,"template":"","format":"standard","meta":{"footnotes":"","_links_to":"","_links_to_target":""},"categories":[75,26,4],"tags":[],"class_list":["post-19932","post","type-post","status-publish","format-standard","has-post-thumbnail","hentry","category-destacada","category-politica-noticias","category-politica"],"_links":{"self":[{"href":"https:\/\/revistazetta.com\/index.php?rest_route=\/wp\/v2\/posts\/19932","targetHints":{"allow":["GET"]}}],"collection":[{"href":"https:\/\/revistazetta.com\/index.php?rest_route=\/wp\/v2\/posts"}],"about":[{"href":"https:\/\/revistazetta.com\/index.php?rest_route=\/wp\/v2\/types\/post"}],"author":[{"embeddable":true,"href":"https:\/\/revistazetta.com\/index.php?rest_route=\/wp\/v2\/users\/3"}],"replies":[{"embeddable":true,"href":"https:\/\/revistazetta.com\/index.php?rest_route=%2Fwp%2Fv2%2Fcomments&post=19932"}],"version-history":[{"count":0,"href":"https:\/\/revistazetta.com\/index.php?rest_route=\/wp\/v2\/posts\/19932\/revisions"}],"wp:featuredmedia":[{"embeddable":true,"href":"https:\/\/revistazetta.com\/index.php?rest_route=\/wp\/v2\/media\/19933"}],"wp:attachment":[{"href":"https:\/\/revistazetta.com\/index.php?rest_route=%2Fwp%2Fv2%2Fmedia&parent=19932"}],"wp:term":[{"taxonomy":"category","embeddable":true,"href":"https:\/\/revistazetta.com\/index.php?rest_route=%2Fwp%2Fv2%2Fcategories&post=19932"},{"taxonomy":"post_tag","embeddable":true,"href":"https:\/\/revistazetta.com\/index.php?rest_route=%2Fwp%2Fv2%2Ftags&post=19932"}],"curies":[{"name":"wp","href":"https:\/\/api.w.org\/{rel}","templated":true}]}}