{"id":19936,"date":"2017-04-11T06:27:33","date_gmt":"2017-04-11T11:27:33","guid":{"rendered":"http:\/\/www.revistazetta.com\/?p=19936"},"modified":"2017-04-11T06:29:52","modified_gmt":"2017-04-11T11:29:52","slug":"abierta-la-sexta-convocatoria-doctv-latinoamerica","status":"publish","type":"post","link":"https:\/\/revistazetta.com\/?p=19936","title":{"rendered":"Abierta la sexta convocatoria DOCTV Latinoam\u00e9rica"},"content":{"rendered":"<p class=\"m_7089889465753426056null\">Hasta el 17 de mayo, DOCTV Latinoam\u00e9rica abre su convocatoria para apoyar proyectos documentales en 18 pa\u00edses. Este a\u00f1o, en su sexta versi\u00f3n, los trabajos que se postulen deben desarrollar temas alrededor de la m\u00fasica, conservando el objetivo de esta iniciativa que es el reconocimiento de la identidad del continente, sus realidades y su patrimonio.<\/p>\n<div><\/div>\n<div>\n<p>Esta sexta versi\u00f3n de la convocatoria ofrecer\u00e1 est\u00edmulos, en 18 pa\u00edses del continente, a los mejores proyectos documentales que trabajen sobre el tema de la m\u00fasica. Estar\u00e1 abierta del 30 de marzo al 17 de mayo.<\/p>\n<\/div>\n<div>\n<p>Vale recordar que DOCTV Latinoam\u00e9rica es una iniciativa que surge de las Autoridades Cinematogr\u00e1ficas y Audiovisuales de Iberoam\u00e9rica, CAACI. Este a\u00f1o, Chile se sum\u00f3 a la lista de pa\u00edses integrantes.<\/p>\n<p>Se trata de una convocatoria bianual que completa 12 a\u00f1os de trabajo. \u201cEs un espacio de di\u00e1logo entre los pa\u00edses que componen la regi\u00f3n y busca generar una red de apoyo para los documentalistas y sus documentales para que roten y sean circulados por los 18 pa\u00edses que componen la red DocTv Latinoam\u00e9rica\u201d, explica Luz Amanda Sarmiento, responsable de la convocatoria en Colombia.<\/p>\n<p>Cada uno de los 18 pa\u00edses, podr\u00e1 otorgar (a trav\u00e9s de un jurado evaluador nacional y un comit\u00e9 evaluador internacional) un est\u00edmulo de US$70 mil d\u00f3lares para que el ganador pueda producir y posproducir su documental.<\/p>\n<p>El ganador tambi\u00e9n tiene la oportunidad de asistir a un taller de narrativa y realizaci\u00f3n documental en Rep\u00fablica Dominicana, a trav\u00e9s del cual podr\u00e1 pulir la estructura narrativa de sus historias y recibir la asesor\u00eda de expertos para fortalecer los proyectos. Despu\u00e9s del taller tendr\u00e1 300 d\u00edas (diez meses) para la realizaci\u00f3n total del documental.<\/p>\n<p>En Colombia los aliados de esta iniciativa son el Ministerio de Cultura, a trav\u00e9s de la Direcci\u00f3n de Comunicaciones y la Direcci\u00f3n de Cinematograf\u00eda y el canal Se\u00f1al Colombia.<\/p>\n<p>&nbsp;<\/p>\n<\/div>\n<div>\n<p>Los interesados pueden consultar la convocatoria en: <a href=\"https:\/\/mincultura.us8.list-manage1.com\/track\/click?u=938ee9b6f1ec973c27a27302e&amp;id=01928002f3&amp;e=304c4fac67\" target=\"_blank\" data-saferedirecturl=\"https:\/\/www.google.com\/url?hl=es&amp;q=https:\/\/mincultura.us8.list-manage1.com\/track\/click?u%3D938ee9b6f1ec973c27a27302e%26id%3D01928002f3%26e%3D304c4fac67&amp;source=gmail&amp;ust=1491992329714000&amp;usg=AFQjCNHMWk1gSMU7pWcTjVMWoCNGchsz_A\" rel=\"noopener\">https:\/\/www.mincultura.gov.co\/<wbr \/>areas\/comunicaciones\/<wbr \/>convocatorias\/Paginas\/default.<wbr \/>aspx<\/a><\/p>\n<\/div>\n<div>\n<p>Para cualquier inquietud se puede escribir a <a href=\"mailto:convocatoriasdoctv@mincultura.gov.co\" target=\"_blank\">convocatoriasdoctv@mincultura.<wbr \/>gov.co<\/a><\/p>\n<\/div>\n","protected":false},"excerpt":{"rendered":"<p>Hasta el 17 de mayo, DOCTV Latinoam\u00e9rica abre su convocatoria para apoyar proyectos documentales en 18 pa\u00edses. Este a\u00f1o, en su sexta versi\u00f3n, los trabajos que se postulen deben desarrollar temas alrededor de la m\u00fasica, conservando el objetivo de esta iniciativa que es el reconocimiento de la identidad del continente, sus realidades y su patrimonio. Esta sexta versi\u00f3n de la convocatoria ofrecer\u00e1 est\u00edmulos, en 18 pa\u00edses del continente, a los mejores proyectos documentales que trabajen sobre el tema de la m\u00fasica. Estar\u00e1 abierta del 30 de marzo al 17 de&#8230; <\/p>\n","protected":false},"author":3,"featured_media":19937,"comment_status":"open","ping_status":"closed","sticky":false,"template":"","format":"standard","meta":{"footnotes":"","_links_to":"","_links_to_target":""},"categories":[41],"tags":[],"class_list":["post-19936","post","type-post","status-publish","format-standard","has-post-thumbnail","hentry","category-cultura"],"_links":{"self":[{"href":"https:\/\/revistazetta.com\/index.php?rest_route=\/wp\/v2\/posts\/19936","targetHints":{"allow":["GET"]}}],"collection":[{"href":"https:\/\/revistazetta.com\/index.php?rest_route=\/wp\/v2\/posts"}],"about":[{"href":"https:\/\/revistazetta.com\/index.php?rest_route=\/wp\/v2\/types\/post"}],"author":[{"embeddable":true,"href":"https:\/\/revistazetta.com\/index.php?rest_route=\/wp\/v2\/users\/3"}],"replies":[{"embeddable":true,"href":"https:\/\/revistazetta.com\/index.php?rest_route=%2Fwp%2Fv2%2Fcomments&post=19936"}],"version-history":[{"count":0,"href":"https:\/\/revistazetta.com\/index.php?rest_route=\/wp\/v2\/posts\/19936\/revisions"}],"wp:featuredmedia":[{"embeddable":true,"href":"https:\/\/revistazetta.com\/index.php?rest_route=\/wp\/v2\/media\/19937"}],"wp:attachment":[{"href":"https:\/\/revistazetta.com\/index.php?rest_route=%2Fwp%2Fv2%2Fmedia&parent=19936"}],"wp:term":[{"taxonomy":"category","embeddable":true,"href":"https:\/\/revistazetta.com\/index.php?rest_route=%2Fwp%2Fv2%2Fcategories&post=19936"},{"taxonomy":"post_tag","embeddable":true,"href":"https:\/\/revistazetta.com\/index.php?rest_route=%2Fwp%2Fv2%2Ftags&post=19936"}],"curies":[{"name":"wp","href":"https:\/\/api.w.org\/{rel}","templated":true}]}}