{"id":19958,"date":"2017-04-11T07:17:23","date_gmt":"2017-04-11T12:17:23","guid":{"rendered":"http:\/\/www.revistazetta.com\/?p=19958"},"modified":"2017-04-11T07:19:12","modified_gmt":"2017-04-11T12:19:12","slug":"se-capacitan-encontrar-empleo","status":"publish","type":"post","link":"https:\/\/revistazetta.com\/?p=19958","title":{"rendered":"Se capacitan para encontrar empleo"},"content":{"rendered":"<p>Para hacer parte del grupo de elegibles para recibir capacitaci\u00f3n complementaria orientada a ocupar una vacante laboral, 555 personas de Cartagena en situaci\u00f3n de vulnerabilidad se inscribieron en\u00a0la convocatoria de Empleo para la Prosperidad hecha por Prosperidad Social y el Plan de Emergencia Social Pedro Romero.<\/p>\n<p>El director del PES-PR Javier Lora Jim\u00e9nez, dijo que en cumplimiento del Plan de Desarrollo Primero la Gente y bajo el liderazgo del Alcalde de Cartagena Manolo Duque, se realiz\u00f3 en articulaci\u00f3n con Prosperidad Social y el subprograma Ingreso y Trabajo para Superaci\u00f3n de la Pobreza y Desigualdad, convocatoria para ocupar 350 cupos designados para la poblaci\u00f3n vulnerable de la ciudad..<\/p>\n<p>Explic\u00f3 que la Administraci\u00f3n Distrital articula a trav\u00e9s del PES con Prosperidad Social, para facilitar que los cartageneros aprovechen al m\u00e1ximo las oportunidades de obtener un empleo formal gracias al fortalecimiento de sus habilidades y competencias que obtienen con la capacitaci\u00f3n, apoyo y acompa\u00f1amiento en el proceso.<\/p>\n","protected":false},"excerpt":{"rendered":"<p>Para hacer parte del grupo de elegibles para recibir capacitaci\u00f3n complementaria orientada a ocupar una vacante laboral, 555 personas de Cartagena en situaci\u00f3n de vulnerabilidad se inscribieron en\u00a0la convocatoria de Empleo para la Prosperidad hecha por Prosperidad Social y el Plan de Emergencia Social Pedro Romero. El director del PES-PR Javier Lora Jim\u00e9nez, dijo que en cumplimiento del Plan de Desarrollo Primero la Gente y bajo el liderazgo del Alcalde de Cartagena Manolo Duque, se realiz\u00f3 en articulaci\u00f3n con Prosperidad Social y el subprograma Ingreso y Trabajo para Superaci\u00f3n de&#8230; <\/p>\n","protected":false},"author":3,"featured_media":19959,"comment_status":"open","ping_status":"closed","sticky":false,"template":"","format":"standard","meta":{"footnotes":"","_links_to":"","_links_to_target":""},"categories":[32],"tags":[],"class_list":["post-19958","post","type-post","status-publish","format-standard","has-post-thumbnail","hentry","category-actualidad-distrito"],"_links":{"self":[{"href":"https:\/\/revistazetta.com\/index.php?rest_route=\/wp\/v2\/posts\/19958","targetHints":{"allow":["GET"]}}],"collection":[{"href":"https:\/\/revistazetta.com\/index.php?rest_route=\/wp\/v2\/posts"}],"about":[{"href":"https:\/\/revistazetta.com\/index.php?rest_route=\/wp\/v2\/types\/post"}],"author":[{"embeddable":true,"href":"https:\/\/revistazetta.com\/index.php?rest_route=\/wp\/v2\/users\/3"}],"replies":[{"embeddable":true,"href":"https:\/\/revistazetta.com\/index.php?rest_route=%2Fwp%2Fv2%2Fcomments&post=19958"}],"version-history":[{"count":0,"href":"https:\/\/revistazetta.com\/index.php?rest_route=\/wp\/v2\/posts\/19958\/revisions"}],"wp:featuredmedia":[{"embeddable":true,"href":"https:\/\/revistazetta.com\/index.php?rest_route=\/wp\/v2\/media\/19959"}],"wp:attachment":[{"href":"https:\/\/revistazetta.com\/index.php?rest_route=%2Fwp%2Fv2%2Fmedia&parent=19958"}],"wp:term":[{"taxonomy":"category","embeddable":true,"href":"https:\/\/revistazetta.com\/index.php?rest_route=%2Fwp%2Fv2%2Fcategories&post=19958"},{"taxonomy":"post_tag","embeddable":true,"href":"https:\/\/revistazetta.com\/index.php?rest_route=%2Fwp%2Fv2%2Ftags&post=19958"}],"curies":[{"name":"wp","href":"https:\/\/api.w.org\/{rel}","templated":true}]}}