{"id":19960,"date":"2017-04-11T07:21:55","date_gmt":"2017-04-11T12:21:55","guid":{"rendered":"http:\/\/www.revistazetta.com\/?p=19960"},"modified":"2017-04-11T07:25:59","modified_gmt":"2017-04-11T12:25:59","slug":"gremios-respaldan-medidas-recuperar-espacio-publico","status":"publish","type":"post","link":"https:\/\/revistazetta.com\/?p=19960","title":{"rendered":"Gremios respaldan medidas para recuperar espacio p\u00fablico"},"content":{"rendered":"<p>Los gremios de Cartagena se reunieron con el alcalde Manolo Duque y le hicieron saber que respaldan las acciones que vienen adelantando en su gobierno en cuanto a la recuperaci\u00f3n del espacio p\u00fablico en la ciudad, en especial en el Centro Hist\u00f3rico y las zonas tur\u00edsticas.<\/p>\n<p>El encuentro entre el mandatario y los representantes de los diferentes gremios se llev\u00f3 a cabo la noche del pasado lunes 10 de abril, donde se dio a conocer el apoyo a las acciones que adelanta la administraci\u00f3n.<\/p>\n<p>Edwin Pulido, presidente ejecutivo de la C\u00e1mara de Comercio, fue enf\u00e1tico al se\u00f1alar que \u201cestamos de acuerdo con la gesti\u00f3n que realiza la Alcald\u00eda de Cartagena en la recuperaci\u00f3n del espacio p\u00fablico. Dese la C\u00e1mara de Comercio respaldamos la creaci\u00f3n de empleos formales, que paguen impuestos y que los recursos se reinviertan en la ciudad\u201d, sostuvo.<\/p>\n<p>Destac\u00f3 que se est\u00e1 trabajando muy fuerte el tema de la recuperaci\u00f3n del espacio p\u00fablico y que apoyan esta gesti\u00f3n. \u201cEn esta temporada de Semana Santa esperamos una cantidad de turistas nacionales y extranjeros, y reconocemos la pol\u00edtica dada a conocer por el Alcalde de trabajar con su equipo y colaboradores para darle un orden a la ciudad. Es un trabajo excelente, apoyamos esta gesti\u00f3n\u201d, indic\u00f3.<\/p>\n<p>Por su parte, M\u00f3nica Mass, directora de ejecutiva de Cotelco, destac\u00f3 el compromiso del gobierno y del alcalde Manolo Duque en recuperar el espacio p\u00fablico en el Centro Hist\u00f3rico. \u201cExiste un compromiso para que el turista disfrute de la ciudad en esta temporada. Los visitantes pueden observar que en Cartagena se hace un esfuerzo y se trabaja para su organizaci\u00f3n\u201d, coment\u00f3.<\/p>\n<p>\u201cTodos en la ciudad, empresarios, gobierno distrital, las personas que hacen sus actividades en el espacio p\u00fablico se deben dar cuenta que Cartagena es una ciudad en la que se est\u00e1 haciendo un esfuerzo para que est\u00e9 limpia y organizada, que sea un destino que quiere atender a sus visitantes, que se respeta el espacio p\u00fablico, que quieren a la ciudad y que esta ofrezca la seguridad para que los turistas puedan pasar una buena temporada en la Heroica\u201d.<\/p>\n<p>M\u00f3nica Fadul, directora ejecutiva de Fenalco Bol\u00edvar, reconoci\u00f3 la gesti\u00f3n que adelanta la administraci\u00f3n por la recuperaci\u00f3n del espacio p\u00fablico, trabajo que significa un esfuerzo muy grande. Esto que se est\u00e1 haciendo debe ser una pol\u00edtica en construcci\u00f3n para dar unos impactos positivos en el mediano y largo plazo.<\/p>\n<p>\u201cLo que hoy se est\u00e1 haciendo no es sino el cumplimiento del deber que tiene la administraci\u00f3n y as\u00ed debemos entenderlo todos, as\u00ed como los ocupantes informales del espacio p\u00fablico. La administraci\u00f3n est\u00e1 trabajando en el reconocimiento de aquellos que tienen confianza leg\u00edtima como lo manifest\u00f3 la Corte Constitucional\u201d.<\/p>\n<p>Dijo que es cierto que se viene produciendo un afectaci\u00f3n que supera el justo medio en el cual el trabajo de los formales y la riqueza que se genera a trav\u00e9s de la formalidad se puede ver francamente deteriorada porque el destino tiene problemas serios y son visibles sino se toman las decisiones como las que adelanta la Alcald\u00eda.<\/p>\n<p>\u201cLo que queremos es que haya un espiral virtuoso para que se produzca lo que todos queremos, un destino donde todos puedan gozar de un espacio p\u00fablico en condiciones de equidad e igualdad, el que lo utilice (espacio p\u00fablico), pague por ello conforme a las previsiones de la ley y que quienes no tienen el derecho de estar all\u00ed, la administraci\u00f3n busque unos espacios donde ellos puedan desarrollar sus actividades que les permitan su subsistencia\u201d.<\/p>\n<p>Por \u00faltimo, Karina Santacruz, directora ejecutiva de Anato cap\u00edtulo Noroccidente, dijo que es la primera vez que sentimos que el trabajo que adelanta la administraci\u00f3n distrital es articulado con los gremios. \u201cPersonalmente Anato hemos acompa\u00f1ado la labor que se adelanta, somos acompa\u00f1antes en una de las mesas de trabajo y consideramos que la labor y el resultado es muy positivo\u201d, indic\u00f3.<\/p>\n<p>Tambi\u00e9n fue enf\u00e1tica en se\u00f1alar que las agencias de viajes agremiadas en Anato en esta oportunidad se han dado cuenta que la retroalimentaci\u00f3n que reciben de los turistas es positiva.<\/p>\n<p>\u201cVamos a acompa\u00f1ar el trabajo de la administraci\u00f3n, que se est\u00e1 viendo y esto es una preparaci\u00f3n para la gran temporada final, cuando se reciba el mayor n\u00famero de visitantes\u201d.<\/p>\n","protected":false},"excerpt":{"rendered":"<p>Los gremios de Cartagena se reunieron con el alcalde Manolo Duque y le hicieron saber que respaldan las acciones que vienen adelantando en su gobierno en cuanto a la recuperaci\u00f3n del espacio p\u00fablico en la ciudad, en especial en el Centro Hist\u00f3rico y las zonas tur\u00edsticas. El encuentro entre el mandatario y los representantes de los diferentes gremios se llev\u00f3 a cabo la noche del pasado lunes 10 de abril, donde se dio a conocer el apoyo a las acciones que adelanta la administraci\u00f3n. Edwin Pulido, presidente ejecutivo de la&#8230; <\/p>\n","protected":false},"author":3,"featured_media":19961,"comment_status":"open","ping_status":"closed","sticky":false,"template":"","format":"standard","meta":{"footnotes":"","_links_to":"","_links_to_target":""},"categories":[3,50],"tags":[],"class_list":["post-19960","post","type-post","status-publish","format-standard","has-post-thumbnail","hentry","category-ciudad","category-empresa"],"_links":{"self":[{"href":"https:\/\/revistazetta.com\/index.php?rest_route=\/wp\/v2\/posts\/19960","targetHints":{"allow":["GET"]}}],"collection":[{"href":"https:\/\/revistazetta.com\/index.php?rest_route=\/wp\/v2\/posts"}],"about":[{"href":"https:\/\/revistazetta.com\/index.php?rest_route=\/wp\/v2\/types\/post"}],"author":[{"embeddable":true,"href":"https:\/\/revistazetta.com\/index.php?rest_route=\/wp\/v2\/users\/3"}],"replies":[{"embeddable":true,"href":"https:\/\/revistazetta.com\/index.php?rest_route=%2Fwp%2Fv2%2Fcomments&post=19960"}],"version-history":[{"count":0,"href":"https:\/\/revistazetta.com\/index.php?rest_route=\/wp\/v2\/posts\/19960\/revisions"}],"wp:featuredmedia":[{"embeddable":true,"href":"https:\/\/revistazetta.com\/index.php?rest_route=\/wp\/v2\/media\/19961"}],"wp:attachment":[{"href":"https:\/\/revistazetta.com\/index.php?rest_route=%2Fwp%2Fv2%2Fmedia&parent=19960"}],"wp:term":[{"taxonomy":"category","embeddable":true,"href":"https:\/\/revistazetta.com\/index.php?rest_route=%2Fwp%2Fv2%2Fcategories&post=19960"},{"taxonomy":"post_tag","embeddable":true,"href":"https:\/\/revistazetta.com\/index.php?rest_route=%2Fwp%2Fv2%2Ftags&post=19960"}],"curies":[{"name":"wp","href":"https:\/\/api.w.org\/{rel}","templated":true}]}}