{"id":19962,"date":"2017-04-11T07:27:39","date_gmt":"2017-04-11T12:27:39","guid":{"rendered":"http:\/\/www.revistazetta.com\/?p=19962"},"modified":"2017-04-11T07:31:01","modified_gmt":"2017-04-11T12:31:01","slug":"semana-santa-gala-lirica-mozartiana-cartagena-mompox","status":"publish","type":"post","link":"https:\/\/revistazetta.com\/?p=19962","title":{"rendered":"En Semana Santa, Gala L\u00edrica Mozartiana en Cartagena y Mompox"},"content":{"rendered":"<p>En esta Semana Santa, la Orquesta Sinf\u00f3nica de Bol\u00edvar en alianza con el Taller de \u00d3pera de la Universidad del Norte, ofrecer\u00e1n una serie de conciertos abiertos al p\u00fablico, donde presentar\u00e1n una antolog\u00eda l\u00edrica conformada por n\u00fameros musicales de cuatro de las \u00f3peras m\u00e1s representativas del gran m\u00fasico Wolfgang Amadeus Mozart: \u201cBasti\u00e1n y Bastiana\u201d, \u201cLe Nozze di F\u00ecgaro\u201d, \u201cDon Giovanni\u201d y \u201cDie Zauberfl\u00f6te\u201d.<\/p>\n<p>Los conciertos se ofrecer\u00e1n en Cartagena, el martes 11 de abril, a las 6 de la tarde, en el Teatro Adolfo Mej\u00eda y en Mompox, el jueves 13 de abril, a las 3 de la tarde y el viernes 14 de abril, a las 11 de la ma\u00f1ana, ambas fechas en la iglesia Santa B\u00e1rbara. \u00c9stas presentaciones hacen parte de un programa de extensi\u00f3n cultural que pretende formar nuevos p\u00fablicos a trav\u00e9s de t\u00edtulos interpretados completamente en espa\u00f1ol, para lo cual se han realizado las respectivas traducciones y adaptaciones de las obras.<\/p>\n<p>La Pre-orquesta, hoy Orquesta Sinf\u00f3nica de Bol\u00edvar (OSB), del programa de m\u00fasica de la Instituci\u00f3n Universitaria Bellas Artes y Ciencias de Bol\u00edvar (Unibac), creada por iniciativa de la rectora Sacra N\u00e1der David, hizo su debut el 4 de octubre del 2002 bajo la direcci\u00f3n del maestro Rupert Sierra. Luego de nueve a\u00f1os de crecimiento y consolidaci\u00f3n, el Consejo Directivo la elev\u00f3 al grado de Orquesta Sinf\u00f3nica de Bol\u00edvar mediante Resoluci\u00f3n 12 de 21 de julio de 2011. A partir de 2013, la OSB, bajo la batuta de Germ\u00e1n C\u00e9spedes, doctor en M\u00fasica del Conservatorio Tchaikovsky de Mosc\u00fa, se ha proyectado como una orquesta en v\u00eda de profesionalizaci\u00f3n, ofreciendo una temporada regular de conciertos de la m\u00e1s alta factura, abordando ambiciosos proyectos art\u00edsticos, planteando un trabajo social dirigido a formar p\u00fablicos infantiles y juveniles.<\/p>\n<p>Gracias al efectivo apoyo de la Gobernaci\u00f3n de Bol\u00edvar, la Orquesta Sinf\u00f3nica de Bol\u00edvar mantiene una agenda regular de conciertos, realiza giras regionales, nacionales e internacionales, mejora su infraestructura y dotaci\u00f3n y vincula docentes altamente calificados, acciones que la consagran como la mejor orquesta sinf\u00f3nica del Caribe colombiano.\u00a0En 2015 la orquesta entr\u00f3 a formar parte de la Facultad de M\u00fasica llamada Conservatorio Adolfo Mej\u00eda, y a estar conformada en su totalidad por estudiantes, docentes y egresados del programa.<\/p>\n<p>El Taller de \u00d3pera de la Universidad del Norte fue creado en el 2011 y desde entonces ha hecho presencia en diversos escenarios de Barranquilla y la regi\u00f3n Caribe, as\u00ed como de Bogot\u00e1, entre los que se encuentran el Auditorio Biblioteca P\u00fablica Piloto, Auditorio Uninorte, Coliseo Uninorte, Teatro Amira de la Rosa, Teatro Municipal de Sincelejo, Teatro Jorge Eli\u00e9cer Gait\u00e1n, Biblioteca P\u00fablica Virgilio Barco, Teatro Fundaci\u00f3n Gilberto Alzate Avenda\u00f1o y Teatro Mayor Julio Mario Santo Domingo. Ha participado en cuatro ocasiones en el Festival de \u00d3pera al Parque de Bogot\u00e1, con obras como: \u201cOrfeo y Euridice\u201d de Gluck, \u201cHansel y Gretel\u201d de Humperdinck y \u201cBasti\u00e1n y Bastiana\u201d de Mozart.<\/p>\n","protected":false},"excerpt":{"rendered":"<p>En esta Semana Santa, la Orquesta Sinf\u00f3nica de Bol\u00edvar en alianza con el Taller de \u00d3pera de la Universidad del Norte, ofrecer\u00e1n una serie de conciertos abiertos al p\u00fablico, donde presentar\u00e1n una antolog\u00eda l\u00edrica conformada por n\u00fameros musicales de cuatro de las \u00f3peras m\u00e1s representativas del gran m\u00fasico Wolfgang Amadeus Mozart: \u201cBasti\u00e1n y Bastiana\u201d, \u201cLe Nozze di F\u00ecgaro\u201d, \u201cDon Giovanni\u201d y \u201cDie Zauberfl\u00f6te\u201d. Los conciertos se ofrecer\u00e1n en Cartagena, el martes 11 de abril, a las 6 de la tarde, en el Teatro Adolfo Mej\u00eda y en Mompox, el jueves&#8230; <\/p>\n","protected":false},"author":3,"featured_media":19963,"comment_status":"open","ping_status":"closed","sticky":false,"template":"","format":"standard","meta":{"footnotes":"","_links_to":"","_links_to_target":""},"categories":[41,75],"tags":[],"class_list":["post-19962","post","type-post","status-publish","format-standard","has-post-thumbnail","hentry","category-cultura","category-destacada"],"_links":{"self":[{"href":"https:\/\/revistazetta.com\/index.php?rest_route=\/wp\/v2\/posts\/19962","targetHints":{"allow":["GET"]}}],"collection":[{"href":"https:\/\/revistazetta.com\/index.php?rest_route=\/wp\/v2\/posts"}],"about":[{"href":"https:\/\/revistazetta.com\/index.php?rest_route=\/wp\/v2\/types\/post"}],"author":[{"embeddable":true,"href":"https:\/\/revistazetta.com\/index.php?rest_route=\/wp\/v2\/users\/3"}],"replies":[{"embeddable":true,"href":"https:\/\/revistazetta.com\/index.php?rest_route=%2Fwp%2Fv2%2Fcomments&post=19962"}],"version-history":[{"count":0,"href":"https:\/\/revistazetta.com\/index.php?rest_route=\/wp\/v2\/posts\/19962\/revisions"}],"wp:featuredmedia":[{"embeddable":true,"href":"https:\/\/revistazetta.com\/index.php?rest_route=\/wp\/v2\/media\/19963"}],"wp:attachment":[{"href":"https:\/\/revistazetta.com\/index.php?rest_route=%2Fwp%2Fv2%2Fmedia&parent=19962"}],"wp:term":[{"taxonomy":"category","embeddable":true,"href":"https:\/\/revistazetta.com\/index.php?rest_route=%2Fwp%2Fv2%2Fcategories&post=19962"},{"taxonomy":"post_tag","embeddable":true,"href":"https:\/\/revistazetta.com\/index.php?rest_route=%2Fwp%2Fv2%2Ftags&post=19962"}],"curies":[{"name":"wp","href":"https:\/\/api.w.org\/{rel}","templated":true}]}}