{"id":19964,"date":"2017-04-11T07:32:30","date_gmt":"2017-04-11T12:32:30","guid":{"rendered":"http:\/\/www.revistazetta.com\/?p=19964"},"modified":"2017-04-11T07:36:04","modified_gmt":"2017-04-11T12:36:04","slug":"camara-comercio-realiza-primera-jornada-gratuita-conciliacion-jovenes","status":"publish","type":"post","link":"https:\/\/revistazetta.com\/?p=19964","title":{"rendered":"C\u00e1mara de Comercio realiza primera jornada gratuita de conciliaci\u00f3n para j\u00f3venes"},"content":{"rendered":"<p>Problemas con los vecinos, deudas, arriendos sin cancelar o padres que no responden por la cuota alimentaria de sus hijos, son algunos de los casos que los j\u00f3venes de estratos 1, 2 y 3 de Cartagena podr\u00e1n resolver de manera gratuita en la trig\u00e9sima Jornada de Conciliaci\u00f3n que organiza\u00a0la C\u00e1mara de Comercio de Cartagena\u00a0para\u00a0el pr\u00f3ximo 18 de mayo,\u00a0de 8:00 am\u00a0a 5:00 pm, en la sede centro.<\/p>\n<p>Para inscribir un caso, la ciudadan\u00eda tendr\u00e1 a su disposici\u00f3n formularios f\u00edsicos gratuitos en las sedes\u00a0Centro y Ronda Real de la C\u00e1mara de Comercio y en la p\u00e1gina\u00a0<a href=\"https:\/\/www.ccartagena.org.co\/\" data-saferedirecturl=\"https:\/\/www.google.com\/url?hl=es&amp;q=https:\/\/www.ccartagena.org.co\/&amp;source=gmail&amp;ust=1491992311245000&amp;usg=AFQjCNFeZ5Q-anYmZDUhUDn2_xeAD3GyIw\" target=\"_blank\" rel=\"noopener\">www.ccartagena.org.co<\/a>, los cuales deben ser diligenciados y entregados\u00a0en las instalaciones del Centro de Arbitraje y Conciliaci\u00f3n de la sede Centro hasta el 28 de abril de este a\u00f1o<strong>\u00a0<\/strong>o hasta agotar los 70 cupos.<\/p>\n<p>Julia Eva Pretelt, directora de Servicios Registrales y del\u00a0Centro de Arbitraje y Conciliaci\u00f3n\u00a0C.A.C, explica que la iniciativa de realizar este evento, es uno de los compromisos del Foro de J\u00f3venes que realiz\u00f3 la C\u00e1mara de Comercio de Cartagena hace un a\u00f1o. \u201cEl objetivo es demostrar desde temprana edad que la mejor manera de solucionar una problem\u00e1tica es a trav\u00e9s de un dialogo o proceso\u00a0de conciliaci\u00f3n que consiste en que las dos partes de un conflicto, con la ayuda de un conciliador experto\u00a0 lleguen a un acuerdo\u201d, asegur\u00f3 Pretelt.<\/p>\n<p>La funcionaria tambi\u00e9n indic\u00f3 que la actividad promovida por la C\u00e1mara es una invitaci\u00f3n abierta a los cartageneros a trabajar y aportar a la paz, en tiempos del posconflicto, que sin duda posibilitar\u00e1\u00a0territorios con mayores oportunidades y ciudadanos m\u00e1s tolerantes.<\/p>\n","protected":false},"excerpt":{"rendered":"<p>Problemas con los vecinos, deudas, arriendos sin cancelar o padres que no responden por la cuota alimentaria de sus hijos, son algunos de los casos que los j\u00f3venes de estratos 1, 2 y 3 de Cartagena podr\u00e1n resolver de manera gratuita en la trig\u00e9sima Jornada de Conciliaci\u00f3n que organiza\u00a0la C\u00e1mara de Comercio de Cartagena\u00a0para\u00a0el pr\u00f3ximo 18 de mayo,\u00a0de 8:00 am\u00a0a 5:00 pm, en la sede centro. Para inscribir un caso, la ciudadan\u00eda tendr\u00e1 a su disposici\u00f3n formularios f\u00edsicos gratuitos en las sedes\u00a0Centro y Ronda Real de la C\u00e1mara de Comercio&#8230; <\/p>\n","protected":false},"author":3,"featured_media":19965,"comment_status":"open","ping_status":"closed","sticky":false,"template":"","format":"standard","meta":{"footnotes":"","_links_to":"","_links_to_target":""},"categories":[3,75,50],"tags":[],"class_list":["post-19964","post","type-post","status-publish","format-standard","has-post-thumbnail","hentry","category-ciudad","category-destacada","category-empresa"],"_links":{"self":[{"href":"https:\/\/revistazetta.com\/index.php?rest_route=\/wp\/v2\/posts\/19964","targetHints":{"allow":["GET"]}}],"collection":[{"href":"https:\/\/revistazetta.com\/index.php?rest_route=\/wp\/v2\/posts"}],"about":[{"href":"https:\/\/revistazetta.com\/index.php?rest_route=\/wp\/v2\/types\/post"}],"author":[{"embeddable":true,"href":"https:\/\/revistazetta.com\/index.php?rest_route=\/wp\/v2\/users\/3"}],"replies":[{"embeddable":true,"href":"https:\/\/revistazetta.com\/index.php?rest_route=%2Fwp%2Fv2%2Fcomments&post=19964"}],"version-history":[{"count":0,"href":"https:\/\/revistazetta.com\/index.php?rest_route=\/wp\/v2\/posts\/19964\/revisions"}],"wp:featuredmedia":[{"embeddable":true,"href":"https:\/\/revistazetta.com\/index.php?rest_route=\/wp\/v2\/media\/19965"}],"wp:attachment":[{"href":"https:\/\/revistazetta.com\/index.php?rest_route=%2Fwp%2Fv2%2Fmedia&parent=19964"}],"wp:term":[{"taxonomy":"category","embeddable":true,"href":"https:\/\/revistazetta.com\/index.php?rest_route=%2Fwp%2Fv2%2Fcategories&post=19964"},{"taxonomy":"post_tag","embeddable":true,"href":"https:\/\/revistazetta.com\/index.php?rest_route=%2Fwp%2Fv2%2Ftags&post=19964"}],"curies":[{"name":"wp","href":"https:\/\/api.w.org\/{rel}","templated":true}]}}