{"id":19968,"date":"2017-04-18T05:17:57","date_gmt":"2017-04-18T10:17:57","guid":{"rendered":"http:\/\/www.revistazetta.com\/?p=19968"},"modified":"2017-04-18T06:03:48","modified_gmt":"2017-04-18T11:03:48","slug":"siria-detras-las-camaras-una-mirada-crisis","status":"publish","type":"post","link":"https:\/\/revistazetta.com\/?p=19968","title":{"rendered":"Siria, detr\u00e1s de las c\u00e1maras: una mirada a su crisis"},"content":{"rendered":"<p>Una visi\u00f3n de lo que sucede en Siria, sus or\u00edgenes y repercusiones, es la que se ofrecer\u00e1 este jueves 20 de abril en el Museo hist\u00f3rico de Cartagena, donde dos conferencistas explicar\u00e1n la crisis actual de esa naci\u00f3n.<\/p>\n<p>El panel es organizado por la Asociaci\u00f3n Cultural Colombo-\u00c1rabe\u00a0de Cartagena\u00a0, que invit\u00f3 como conferencistas al director acad\u00e9mico de la Asociaci\u00f3n Ariel Barrera-Haddad y al ciudadano sirio Fahed Almoughawech.<\/p>\n<p>La Asociaci\u00f3n Cultural Colombo-\u00c1rabe\u00a0de Cartagena\u00a0de Indias quiere informar y aclarar puntos muy importantes de la actual crisis en el pa\u00eds \u00e1rabe, que pasa por un momento \u00e1lgido. \u201cEste tema ha tocado las fibras mas profundas de la comunidad internacional y adem\u00e1s goza de gran inter\u00e9s en la arena local, siendo Colombia uno de los pa\u00edses de Latinoam\u00e9rica con mayor presencia de inmigrantes sirios y sus descendientes\u201d, dice un comunicado expedido por la entidad.<\/p>\n<p>\u201cNosotros\u00a0al estar en contacto constante con nacionales sirios en varias ciudades del pa\u00eds \u00e1rabe y estar al corriente con la prensa siria,\u00a0nos vemos en el deber de ofrecer m\u00e1s luces sobre esta situaci\u00f3n para la mayor comprensi\u00f3n de esta terrible situaci\u00f3n que lleva ya seis a\u00f1os\u201d, agrega.<\/p>\n<p>Seg\u00fan Demetrio Saer Baladi, presidente de la Asociaci\u00f3n, \u201cen estos momentos para Colombia apoyar a la victimas sirias es un tanto dif\u00edcil, pero a pedido de varios nacionales de la Rep\u00fablica \u00c1rabe Siria, la mejor forma de solidaridad es estar bien informado. Contamos con el apoyo de la Embajada Siria para el Caribe\u201d.<\/p>\n","protected":false},"excerpt":{"rendered":"<p>Una visi\u00f3n de lo que sucede en Siria, sus or\u00edgenes y repercusiones, es la que se ofrecer\u00e1 este jueves 20 de abril en el Museo hist\u00f3rico de Cartagena, donde dos conferencistas explicar\u00e1n la crisis actual de esa naci\u00f3n. El panel es organizado por la Asociaci\u00f3n Cultural Colombo-\u00c1rabe\u00a0de Cartagena\u00a0, que invit\u00f3 como conferencistas al director acad\u00e9mico de la Asociaci\u00f3n Ariel Barrera-Haddad y al ciudadano sirio Fahed Almoughawech. La Asociaci\u00f3n Cultural Colombo-\u00c1rabe\u00a0de Cartagena\u00a0de Indias quiere informar y aclarar puntos muy importantes de la actual crisis en el pa\u00eds \u00e1rabe, que pasa por&#8230; <\/p>\n","protected":false},"author":3,"featured_media":19976,"comment_status":"open","ping_status":"closed","sticky":false,"template":"","format":"standard","meta":{"footnotes":"","_links_to":"","_links_to_target":""},"categories":[2],"tags":[],"class_list":["post-19968","post","type-post","status-publish","format-standard","has-post-thumbnail","hentry","category-actualidad"],"_links":{"self":[{"href":"https:\/\/revistazetta.com\/index.php?rest_route=\/wp\/v2\/posts\/19968","targetHints":{"allow":["GET"]}}],"collection":[{"href":"https:\/\/revistazetta.com\/index.php?rest_route=\/wp\/v2\/posts"}],"about":[{"href":"https:\/\/revistazetta.com\/index.php?rest_route=\/wp\/v2\/types\/post"}],"author":[{"embeddable":true,"href":"https:\/\/revistazetta.com\/index.php?rest_route=\/wp\/v2\/users\/3"}],"replies":[{"embeddable":true,"href":"https:\/\/revistazetta.com\/index.php?rest_route=%2Fwp%2Fv2%2Fcomments&post=19968"}],"version-history":[{"count":0,"href":"https:\/\/revistazetta.com\/index.php?rest_route=\/wp\/v2\/posts\/19968\/revisions"}],"wp:featuredmedia":[{"embeddable":true,"href":"https:\/\/revistazetta.com\/index.php?rest_route=\/wp\/v2\/media\/19976"}],"wp:attachment":[{"href":"https:\/\/revistazetta.com\/index.php?rest_route=%2Fwp%2Fv2%2Fmedia&parent=19968"}],"wp:term":[{"taxonomy":"category","embeddable":true,"href":"https:\/\/revistazetta.com\/index.php?rest_route=%2Fwp%2Fv2%2Fcategories&post=19968"},{"taxonomy":"post_tag","embeddable":true,"href":"https:\/\/revistazetta.com\/index.php?rest_route=%2Fwp%2Fv2%2Ftags&post=19968"}],"curies":[{"name":"wp","href":"https:\/\/api.w.org\/{rel}","templated":true}]}}