{"id":19970,"date":"2017-04-18T05:20:12","date_gmt":"2017-04-18T10:20:12","guid":{"rendered":"http:\/\/www.revistazetta.com\/?p=19970"},"modified":"2017-04-18T06:14:03","modified_gmt":"2017-04-18T11:14:03","slug":"concesiones-mejoran-beneficios-distrito-se-acaban-david-caballero","status":"publish","type":"post","link":"https:\/\/revistazetta.com\/?p=19970","title":{"rendered":"Concesiones: o mejoran beneficios para el Distrito, o se acaban: David Caballero"},"content":{"rendered":"<p>Las concesiones que operan en el Distrito y que tienen cercana sus fechas de expiraci\u00f3n, deber\u00e1n mejorar los beneficios que le reportan al Distrito o acabarse, plante\u00f3 el concejal David Caballero.<\/p>\n<p>Salvo la concesi\u00f3n de Acuacar, que obtuvo una pr\u00f3rroga en el gobierno de Dionisio V\u00e9lez, las dem\u00e1s est\u00e1n en fase terminal, y la \u00fanica manera que puedan continuar es que mejoren la retribuci\u00f3n para el Distrito, indic\u00f3.<\/p>\n<p>El concejal aludi\u00f3 a las concesiones de alumbrado p\u00fablico, tr\u00e1nsito, vial, y se quej\u00f3 porque es muy baja la retribuci\u00f3n econ\u00f3mica para el Distrito, lo que hace que sea un gran negocio para los particulares, pudiendo ser un gran negocio para las arcas distritales.<\/p>\n<p>\u201cHoy pienso que todas las concesiones que se tienen y est\u00e1n pr\u00f3ximas en terminar vuelvan a ser del Distrito de Cartagena\u201d, afirm\u00f3, tras leer una noticia sobre el retorno de las redes de acueducto y alcantarillado de Metro Agua al Distrito de Santa Marta.<\/p>\n<p>Sobre el mismo tema Javier Curi, concejal liberal agreg\u00f3: \u201cMe pregunto en qu\u00e9 qued\u00f3 el debate que se hizo en su momento sobre el caso de Acuacar. Esta noticia tambi\u00e9n me llam\u00f3 mucho la atenci\u00f3n pero este no es el mismo caso de Cartagena, porque la cobertura para nuestra ciudad es mucho mayor que la de Santa Marta\u201d.<\/p>\n","protected":false},"excerpt":{"rendered":"<p>Las concesiones que operan en el Distrito y que tienen cercana sus fechas de expiraci\u00f3n, deber\u00e1n mejorar los beneficios que le reportan al Distrito o acabarse, plante\u00f3 el concejal David Caballero. Salvo la concesi\u00f3n de Acuacar, que obtuvo una pr\u00f3rroga en el gobierno de Dionisio V\u00e9lez, las dem\u00e1s est\u00e1n en fase terminal, y la \u00fanica manera que puedan continuar es que mejoren la retribuci\u00f3n para el Distrito, indic\u00f3. El concejal aludi\u00f3 a las concesiones de alumbrado p\u00fablico, tr\u00e1nsito, vial, y se quej\u00f3 porque es muy baja la retribuci\u00f3n econ\u00f3mica para&#8230; <\/p>\n","protected":false},"author":3,"featured_media":19980,"comment_status":"open","ping_status":"closed","sticky":false,"template":"","format":"standard","meta":{"footnotes":"","_links_to":"","_links_to_target":""},"categories":[4,75,26],"tags":[],"class_list":["post-19970","post","type-post","status-publish","format-standard","has-post-thumbnail","hentry","category-politica","category-destacada","category-politica-noticias"],"_links":{"self":[{"href":"https:\/\/revistazetta.com\/index.php?rest_route=\/wp\/v2\/posts\/19970","targetHints":{"allow":["GET"]}}],"collection":[{"href":"https:\/\/revistazetta.com\/index.php?rest_route=\/wp\/v2\/posts"}],"about":[{"href":"https:\/\/revistazetta.com\/index.php?rest_route=\/wp\/v2\/types\/post"}],"author":[{"embeddable":true,"href":"https:\/\/revistazetta.com\/index.php?rest_route=\/wp\/v2\/users\/3"}],"replies":[{"embeddable":true,"href":"https:\/\/revistazetta.com\/index.php?rest_route=%2Fwp%2Fv2%2Fcomments&post=19970"}],"version-history":[{"count":0,"href":"https:\/\/revistazetta.com\/index.php?rest_route=\/wp\/v2\/posts\/19970\/revisions"}],"wp:featuredmedia":[{"embeddable":true,"href":"https:\/\/revistazetta.com\/index.php?rest_route=\/wp\/v2\/media\/19980"}],"wp:attachment":[{"href":"https:\/\/revistazetta.com\/index.php?rest_route=%2Fwp%2Fv2%2Fmedia&parent=19970"}],"wp:term":[{"taxonomy":"category","embeddable":true,"href":"https:\/\/revistazetta.com\/index.php?rest_route=%2Fwp%2Fv2%2Fcategories&post=19970"},{"taxonomy":"post_tag","embeddable":true,"href":"https:\/\/revistazetta.com\/index.php?rest_route=%2Fwp%2Fv2%2Ftags&post=19970"}],"curies":[{"name":"wp","href":"https:\/\/api.w.org\/{rel}","templated":true}]}}