{"id":19971,"date":"2017-04-18T05:21:18","date_gmt":"2017-04-18T10:21:18","guid":{"rendered":"http:\/\/www.revistazetta.com\/?p=19971"},"modified":"2017-04-18T06:35:24","modified_gmt":"2017-04-18T11:35:24","slug":"distrito-debera-instalar-parqueaderos-bicicletas-dependencias","status":"publish","type":"post","link":"https:\/\/revistazetta.com\/?p=19971","title":{"rendered":"Distrito deber\u00e1 instalar parqueaderos para bicicletas en sus dependencias"},"content":{"rendered":"<p>La adecuaci\u00f3n de espacios para el estacionamiento de bicicletas ser\u00e1 uno de los compromisos que deba asumir el Distrito, en caso de aprobarse una iniciativa en el Concejo que busca estimular el uso de este medio de transporte.<\/p>\n<p>Ang\u00e9lica Hodeg Durango es la autora del proyecto de acuerdo que crea el programa denominado \u201c<strong>Cartagena se mueve en bicicleta<\/strong>\u201d, que establece campa\u00f1as de concientizaci\u00f3n ciudadana y de educaci\u00f3n en colegios distritales, entre otros aspectos, adem\u00e1s de la adaptaci\u00f3n de espacios como bici-parqueaderos.<\/p>\n<p>\u201cLa secretaria de Infraestructura establecer\u00e1 en las instalaciones de las entidades p\u00fablicas del Distrito de Cartagena, la dotaci\u00f3n de mobiliario urbano o bici parqueaderos p\u00fablicos que garanticen la seguridad y un espacio amplio y suficiente para los funcionarios, contratistas y particulares que acudan a dichas entidades en bicicletas.<\/p>\n<p>Hodeg Durango plantea que el proyecto tenga como objeto \u201cla implementaci\u00f3n de estrategias, campa\u00f1as, jornadas y c\u00e1tedras de educaci\u00f3n vial para los actores de movilidad de la ciudad (<em>automovilistas p\u00fablicos y particulares, motociclistas, biciusuario y peatones<\/em>), con \u00e9nfasis en el respeto por el biciusuario.<\/p>\n<p>La concejal del partido Verde estima que de esta manera se env\u00eda \u201cun mensaje positivo y culturizando sobre las garant\u00edas en el uso de la bicicleta como medio de transporte y eje primordial de la movilidad sostenible, con el fin de facilitar y mejorar las condiciones de movilidad en la ciudad de Cartagena\u201d.<\/p>\n<p>Este es el proyecto completo<\/p>\n<p><a href=\"https:\/\/issuu.com\/revistazetta\/docs\/proyecto_de_acuerdo_-_uso_de_bicicl\" target=\"_blank\" rel=\"noopener\">https:\/\/issuu.com\/revistazetta\/docs\/proyecto_de_acuerdo_-_uso_de_bicicl<\/a><\/p>\n<p>&nbsp;<\/p>\n<p>PROYECTO DE ACUERDO<\/p>\n<p>Por medio del cual se crea el programa \u201c<strong>CARTAGENA SE MUEVE EN BICICLETA<\/strong>\u201d en la ciudad de Cartagena de Indias.<\/p>\n<p><strong>EXPOSICI\u00d3N DE MOTIVOS <\/strong><\/p>\n<p>Con el presente Acuerdo se pretende motivar a los ciudadanos y ciudadanas del Distrito de Cartagena a incluir dentro de su rutina diaria el uso de la bicicleta, en el marco de nuestra cultura, consideramos necesario que \u00e9sta actividad sea regulada por la Alcald\u00eda de Cartagena con el \u00e1nimo de quienes la utilizan obtengan las medidas necesarias para su aprovechamiento. Respecto al individuo, se requiere trabajar en los principales principios del orden de la convivencia ciudadana que permitan ubicar al ciclista en un primer plano y se le respete su derecho de libertad, seguridad, movilidad y convivencia pac\u00edfica; a su vez respetando los derechos de los transe\u00fantes y dem\u00e1s actores. En conclusi\u00f3n nuestra misi\u00f3n es la masificaci\u00f3n del uso de la bicicleta como mecanismo real y medible de transporte sostenible en la ciudad, revolucionando el concepto actual de donde el actor principal es el veh\u00edculo particular o autom\u00f3vil.<\/p>\n<p>Dentro de los motores que nos motiva a impulsar el presente proyecto se encuentra reducir el nivel de congesti\u00f3n vial, contaminaci\u00f3n ambiental, auditiva, disminuir la accidentalidad, aumentar el uso de la bicicleta, aprovechar los recursos naturales y que nuestros ni\u00f1os y ni\u00f1as nuevamente quieran recrearse en los espacios libres de nuestra ciudad y crezcan aprendan verdaderas competencias de comunicaci\u00f3n.<\/p>\n<p>Las principales ciudades lo vienen implementando por sus m\u00faltiples beneficios, nosotros no podemos quedarnos atr\u00e1s, por el contrato nos obliga a presentar esta iniciativa como deber ciudadano y bienestar social.<\/p>\n<p>El presente Acuerdo Distrital constituye un principio de aplicaci\u00f3n o desarrollo de los art\u00edculos 52 y 79 de la Constituci\u00f3n pol\u00edtica Colombia; Articulo 65 de la Ley 99 de 1993; Articulo 204 del plan nacional de desarrollo 2014-2018 y la Ley 1811 de 2016.Asi mismo se sustenta desde la \u00f3ptica de varios eventos de talla mundial que apuntan, ratifican y convalidan los postulados propuestos frente al uso de la bicicleta como medio alternativo de transporte. <strong>ANGELICA HODEG DURANGO <\/strong>Concejala del Distrito Tur\u00edstico y Cultural De Cartagena de Indias. Partido Alianza Verde.<\/p>\n<p>&nbsp;<\/p>\n<p><strong>Eventos. <\/strong><\/p>\n<ol>\n<li>Foro Movilidad Sostenible en Cartagena en julio del 2015 \u201cTransporte p\u00fablico sostenible acu\u00e1tico y terrestre\u201d, donde se le dio un gran prelaci\u00f3n al peat\u00f3n.<\/li>\n<\/ol>\n<p>&nbsp;<\/p>\n<ol start=\"2\">\n<li>Firma del convenio de \u201cCiudades Sostenibles y Competitivas\u201d donde la Alcaldia Mayor de Cartagena, La Embajada de Holanda, Findeter; la organizaci\u00f3n Despacio y la consultora holandesa JB Mobility, busca implementar e incentivar por medio de la aplicaci\u00f3n m\u00f3vil \u201cBiko\u201d el uso de la bicicleta como un medio de transporte urbano en Cartagena.<\/li>\n<\/ol>\n<p>&nbsp;<\/p>\n<ol start=\"3\">\n<li>Foro Urbano Mundial realizado en la ciudad de Medell\u00edn en Noviembre de 2014, donde se enfatiz\u00f3 en la implementaci\u00f3n de la movilidad sostenible para mejorar las condiciones de transporte y hacer ciudades m\u00e1s amables y respetuosas con el medio ambiente y la ecolog\u00eda.<\/li>\n<\/ol>\n<p>&nbsp;<\/p>\n<ol start=\"4\">\n<li>Foro Mundial de la Bicicleta en la ciudad de Medell\u00edn del 26 de febrero al 1 de Marzo de 2015 donde se revolucionar\u00eda el concepto de ciudad frente al uso de la bicicleta.<\/li>\n<\/ol>\n<p>&nbsp;<\/p>\n<p>En concordancia con lo anterior, la bancada del partido verde, representada en la plenaria del Concejo de Cartagena, considera necesario que el Distrito de Cartagena en ejercicio de sus facultades garantice las m\u00ednimas condiciones para que los habitantes y turistas de nuestra hermosa ciudad tengan como iniciativa utilizar la bicicleta y tomarlo como mecanismo alterno de transporte.<\/p>\n<p>Con el presente proyecto de Acuerdo la Ciudad de Cartagena est\u00e1 posibilitando el mejoramiento de las condiciones de movilidad para los biciusuario en consideraci\u00f3n a lo previsto en el Plan de Ordenamiento Territorial. Adem\u00e1s se pretende fortalecer nuestra cultura social para respetar al biciusuario en la cotidianidad y expandir el mensaje de la utilizaci\u00f3n de la bicicleta esperando que por lo menos el 10% de la poblaci\u00f3n lo use como medio de transporte urbano alternativo y eco amigable. <strong>ANGELICA HODEG DURANGO <\/strong>Concejala del Distrito Tur\u00edstico y Cultural De Cartagena de Indias. Partido Alianza Verde.<\/p>\n<p>&nbsp;<\/p>\n<p><strong>EL CONCEJO DE CARTAGENA <\/strong><\/p>\n<p>En uso de sus facultades legales y constitucionales otorgadas por el art\u00edculo 313 de la Constituci\u00f3n Pol\u00edtica y en especial las conferidas por la Ley 136 y la Ley 1551 de 2012.<\/p>\n<p><strong>ACUERDA <\/strong><\/p>\n<p><strong>ARTICULO PRIMERO. Objeto. <\/strong>Cr\u00e9ase en el Distrito de Cartagena de Indias el programa denominado \u201c<strong>CARTAGENA SE MUEVE EN BICICLETA<\/strong>\u201d, cuyo objeto es la implementaci\u00f3n de estrategias, campa\u00f1as, jornadas y c\u00e1tedras de educaci\u00f3n vial para los actores de movilidad de la ciudad (<em>automovilistas p\u00fablicos y particulares, motociclistas, biciusuario y peatones<\/em>), con \u00e9nfasis en el respeto por el biciusuario, enviando un mensaje positivo y culturizando sobre las garant\u00edas en el uso de la bicicleta como medio de transporte y eje primordial de la movilidad sostenible; con el fin de facilitar y mejorar las condiciones de movilidad en la ciudad de Cartagena.<\/p>\n<p><strong>ARTICULO SEGUNDO. Implementaci\u00f3n \u201cCARTAGENA SE MUEVE EN BICICLETA\u201d. <\/strong>Implem\u00e9ntese por parte de la Administraci\u00f3n Distrital a trav\u00e9s del Departamento Administrativo de Transito y Transporte \u201cDATT\u201d con el apoyo de las dependencias que de acuerdo a su parte misional tengan la responsabilidad de adelantar dichas iniciativas en el Distrito de Cartagena los componentes que a continuaci\u00f3n se presentan:<\/p>\n<ol>\n<li>Estrategias, campa\u00f1as masivas de comunicaci\u00f3n, Jornadas de educaci\u00f3n vial dirigida a los ciudadanos, sector p\u00fablico las cuales tendr\u00e1n \u00e9nfasis en el respeto por el biciusuario y la convivencia pac\u00edfica al movilizarse, el respeto por la vida e integridad del biciusuario en la v\u00eda, la convivencia pac\u00edfica entre los diferentes actores de movilidad especialmente en sitios estrat\u00e9gicos de la ciudad donde haya alta conglomeraci\u00f3n y afluencia de personas, tales como v\u00edas principales, plazoletas, parques, equipamiento p\u00fablico y centros comerciales, industriales o administrativos entre otros.<\/li>\n<\/ol>\n<p>&nbsp;<\/p>\n<ol>\n<li>Campa\u00f1as de educaci\u00f3n en los Colegios Oficiales del nivel del nivel Distrital, haciendo \u00e9nfasis en el respeto por el biciusuario, fomentando la promoci\u00f3n de este medio de transporte.<\/li>\n<\/ol>\n<p>&nbsp;<\/p>\n<p>&nbsp;<\/p>\n<ol>\n<li>En el marco de las C\u00e1tedras de Educaci\u00f3n vial, es importante que se incluyan Cursos de conducci\u00f3n, cursos de educaci\u00f3n vial y dem\u00e1s espacios de socializaci\u00f3n en movilidad.<\/li>\n<\/ol>\n<p>&nbsp;<\/p>\n<p>C.D. Realizaci\u00f3n de Foros de Movilidad Sostenible que desarrollen temas relacionados con el uso de la bicicleta y su impacto en la calidad de vida de los ciudadanos, \u00e9stas ser\u00e1n apoyadas con cartillas educativas alusivas al asunto.<\/p>\n<p>&nbsp;<\/p>\n<p><strong>Par\u00e1grafo 1. <\/strong>La Administraci\u00f3n Distrital en conjunto con la Secretaria del Interior se encargar\u00e1 de velar por la seguridad ciudadana de los biciusuarios, transe\u00fante y dem\u00e1s actores involucrados en las actividades del uso de la bicicleta haciendo \u00e9nfasis en la protecci\u00f3n de las Mujeres, NNA y Adulto Mayor.<\/p>\n<p><strong>Par\u00e1grafo 2. <\/strong>Se deber\u00e1n trabajar mancomunadamente con el sector privado, empresas privadas y p\u00fablicas para motivar el uso de la bicicleta, haciendo \u00e9nfasis especial en el respeto y protecci\u00f3n de los biciusuario en los distintos desplazamientos en las v\u00edas y escenarios de la ciudad.<\/p>\n<p><strong>ARTICULO TERCERO. <\/strong><\/p>\n<p><strong>Socializaci\u00f3n. <\/strong>El Departamento Administrativo de Tr\u00e1nsito y Transporte de Cartagena DATT, en los casos de infracciones de tr\u00e1nsito que atenten o da\u00f1en a un biciusuario o actor involucrado, deber\u00e1 imponer las sanciones direccionadas a regular estas actividades.<\/p>\n<p><strong>Educaci\u00f3n del biciusuario. <\/strong>Las estrategias, campa\u00f1as, jornadas y c\u00e1tedras implementadas en el marco del presente Acuerdo Distrital tendr\u00e1n adem\u00e1s de las finalidades propuestas la responsabilidad de educar a los biciusuario sobre la correcta movilizaci\u00f3n que deben asumir en la ciudad, en concordancia y siempre cumpliendo con la normativa establecida en la Ley 769 de 2002 \u201cPor la cual se expide el c\u00f3digo Nacional de Tr\u00e1nsito Terrestre y se dictan otras disposiciones\u201d. Adem\u00e1s se deber\u00e1 informar sobre las facilidades existentes para transportarse en bicicleta, tales como: Ciclorutas, Bici Parqueaderos y programas que fomenten el uso de la bicicleta entre otros afines<strong>. <\/strong><strong>ANGELICA HODEG DURANGO <\/strong>Concejala del Distrito Tur\u00edstico y Cultural De Cartagena de Indias. Partido Alianza Verde.<\/p>\n<p>&nbsp;<\/p>\n<p><strong>Vinculaci\u00f3n: <\/strong><\/p>\n<p>\uf0b7 <strong>Privada gremial. <\/strong>Se vincular\u00e1n en los colectivos del presente Acuerdo a los gremios de transporte, visibilizando el tema de transporte sostenible y el uso de la bicicleta no como un competidor, sino como un actor dentro del sistema de transporte integrado de la ciudad.<\/p>\n<p>&nbsp;<\/p>\n<p>\uf0b7 <strong>De los colectivos. <\/strong>Se vincular\u00e1n a los colectivos de biciusuario en la elaboraci\u00f3n del presente Acuerdo y su posterior reglamentaci\u00f3n, adem\u00e1s se facilitar\u00e1 su acompa\u00f1amiento en la ejecuci\u00f3n y veedur\u00eda.<\/p>\n<p>&nbsp;<\/p>\n<p><strong>ARTICULO CUARTO. Coordinaci\u00f3n y Gesti\u00f3n. <\/strong>Para su coordinaci\u00f3n y gesti\u00f3n, el presente programa estar\u00e1 adscrito al Departamento Administrativo de Tr\u00e1nsito y Transporte DATT de Cartagena de Indias o qui\u00e9n haga sus veces, el cual ser\u00e1 el responsable por el mismo con el apoyo de las dependencias que de acuerdo a su parte misional tengan la responsabilidad de adelantar dichas iniciativas en el Distrito de Cartagena.<\/p>\n<p><strong>ARTICULO QUINTO. Adaptabilidad. <\/strong><\/p>\n<p>Instalaci\u00f3n de BICI-Parqueaderos p\u00fablicos en las entidades estatales del distrito de Cartagena D.T y C. La secretaria de Infraestructura establecer\u00e1 en las instalaciones de las entidades p\u00fablicas del Distrito de Cartagena, la dotaci\u00f3n de mobiliario urbano o bici parqueaderos p\u00fablicos que garanticen la seguridad y un espacio amplio y suficiente para los funcionarios, contratistas y particulares que acudan a dichas entidades en bicicletas.<\/p>\n<p>\uf0b7 <strong>Par\u00e1grafo primero: <\/strong>El presente acuerdo ser\u00e1 implementado igualmente en las entidades p\u00fablicas del nivel descentralizado de la administraci\u00f3n distrital, que funcionen en instalaciones p\u00fablicas y cuenten con espacio de parqueaderos.<\/p>\n<p>&nbsp;<\/p>\n<p>\uf0b7 <strong>Par\u00e1grafo segundo: <\/strong>El espacio que se habilite para los bici parqueaderos p\u00fablicos tendr\u00e1 como m\u00ednimo el 10% de los cupos destinados para veh\u00edculos automotores que tenga la entidad; en el caso de ser inferior a 120<\/p>\n<p><strong>ANGELICA HODEG DURANGO <\/strong>Concejala del Distrito Tur\u00edstico y Cultural De Cartagena de Indias. Partido Alianza Verde.<\/p>\n<p>&nbsp;<\/p>\n<p>&nbsp;<\/p>\n<p>estacionamientos de automotores se deber\u00e1 garantizar un m\u00ednimo de 12 cupos para bicicletas, de acuerdo a la Ley 1811 de 2016.<\/p>\n<p>&nbsp;<\/p>\n<p>\uf0b7 <strong>Par\u00e1grafo tercero: <\/strong>La gesti\u00f3n, supervisi\u00f3n y coordinaci\u00f3n de la implementaci\u00f3n de bici parqueaderos p\u00fablicos compete conjuntamente a la Secretaria del interior y convivencia ciudadana, Secretaria de planeaci\u00f3n, Secretaria de infraestructura y a la Direcci\u00f3n de Tr\u00e1nsito y Transporte de Cartagena, que tendr\u00e1n entre otras las siguientes funciones:<\/p>\n<p>&nbsp;<\/p>\n<ol>\n<li>a) Implementar los bici parqueaderos que seg\u00fan los estudios de demanda, y viabilidad requieran, garantizando como m\u00ednimo el espacio dispuesto en el presente art\u00edculo.<\/li>\n<li>b) Vigilar, reglamentar y controlar la correcta utilizaci\u00f3n de los bici parqueaderos.<\/li>\n<li>c) Mantener los bici parqueaderos en \u00f3ptimas condiciones para su adecuada utilizaci\u00f3n de los biciusuarios.<\/li>\n<\/ol>\n<p>&nbsp;<\/p>\n<p><strong>ARTICULO SEXTO. Incentivos. <\/strong><\/p>\n<p>El Alcalde de Cartagena, o quien sea delegado por este, incentivara a los funcionarios p\u00fablicos con medio d\u00eda libre remunerado por cada 30 veces que certifiquen haber llegado a trabajar en bicicleta, de conformidad con lo dispuesto en la Ley 1811 de 2016.<\/p>\n<p><strong>Par\u00e1grafo primero: <\/strong>El funcionario encargado de expedir la referenciada certificaci\u00f3n y su forma de emisi\u00f3n ser\u00e1 establecida por el Alcalde mayor de la ciudad de Cartagena D.T y C. o quien este delegue para tales efectos, de acuerdo a lo estipulado en la constituci\u00f3n y la Ley.<\/p>\n<p><strong>Par\u00e1grafo segundo: <\/strong>Los empleados de empresas privadas, empresas mixtas, empresas industriales y comerciales del Estado y otros establecimientos regidos por el Derecho privado podr\u00e1n adoptar el presente esquema de incentivos con arreglo a sus propias especificaciones empresariales, de conformidad con el par\u00e1grafo 3 del art\u00edculo 5 de la Ley 1811 de 2016.<\/p>\n<p><strong>ARTICULO SEPTIMO. Financiaci\u00f3n. <\/strong>Los recursos que demande la ejecuci\u00f3n del presente acuerdo deber\u00e1n ser incluidos en el presupuesto Distrital de cada anualidad. <strong>ANGELICA HODEG DURANGO <\/strong>Concejala del Distrito Tur\u00edstico y Cultural De Cartagena de Indias. Partido Alianza Verde.<\/p>\n<p>&nbsp;<\/p>\n<p><strong>ARTICULO OCTAVO. Vigencia. Reglamentaci\u00f3n. <\/strong>Fac\u00faltese al Alcalde Distrital para que en un t\u00e9rmino de tres meses contados a partir de la fecha de promulgaci\u00f3n del presente Acuerdo, establezca la reglamentaci\u00f3n del mismo.<\/p>\n<p><strong>ARTICULO NOVENO. <\/strong>El presente Acuerdo rige a partir de su promulgaci\u00f3n legal en la gaceta oficial.<\/p>\n<p><strong>Atte. <\/strong><\/p>\n<p><strong>_________________________ <\/strong><\/p>\n<p><strong>ANGELICA HODEG DURANGO. <\/strong><\/p>\n<p><strong>CONCEJAL DE CARTAGENA<\/strong><\/p>\n","protected":false},"excerpt":{"rendered":"<p>La adecuaci\u00f3n de espacios para el estacionamiento de bicicletas ser\u00e1 uno de los compromisos que deba asumir el Distrito, en caso de aprobarse una iniciativa en el Concejo que busca estimular el uso de este medio de transporte. Ang\u00e9lica Hodeg Durango es la autora del proyecto de acuerdo que crea el programa denominado \u201cCartagena se mueve en bicicleta\u201d, que establece campa\u00f1as de concientizaci\u00f3n ciudadana y de educaci\u00f3n en colegios distritales, entre otros aspectos, adem\u00e1s de la adaptaci\u00f3n de espacios como bici-parqueaderos. \u201cLa secretaria de Infraestructura establecer\u00e1 en las instalaciones de&#8230; <\/p>\n","protected":false},"author":3,"featured_media":19981,"comment_status":"open","ping_status":"closed","sticky":false,"template":"","format":"standard","meta":{"footnotes":"","_links_to":"","_links_to_target":""},"categories":[32,75,87],"tags":[],"class_list":["post-19971","post","type-post","status-publish","format-standard","has-post-thumbnail","hentry","category-actualidad-distrito","category-destacada","category-movilidad"],"_links":{"self":[{"href":"https:\/\/revistazetta.com\/index.php?rest_route=\/wp\/v2\/posts\/19971","targetHints":{"allow":["GET"]}}],"collection":[{"href":"https:\/\/revistazetta.com\/index.php?rest_route=\/wp\/v2\/posts"}],"about":[{"href":"https:\/\/revistazetta.com\/index.php?rest_route=\/wp\/v2\/types\/post"}],"author":[{"embeddable":true,"href":"https:\/\/revistazetta.com\/index.php?rest_route=\/wp\/v2\/users\/3"}],"replies":[{"embeddable":true,"href":"https:\/\/revistazetta.com\/index.php?rest_route=%2Fwp%2Fv2%2Fcomments&post=19971"}],"version-history":[{"count":0,"href":"https:\/\/revistazetta.com\/index.php?rest_route=\/wp\/v2\/posts\/19971\/revisions"}],"wp:featuredmedia":[{"embeddable":true,"href":"https:\/\/revistazetta.com\/index.php?rest_route=\/wp\/v2\/media\/19981"}],"wp:attachment":[{"href":"https:\/\/revistazetta.com\/index.php?rest_route=%2Fwp%2Fv2%2Fmedia&parent=19971"}],"wp:term":[{"taxonomy":"category","embeddable":true,"href":"https:\/\/revistazetta.com\/index.php?rest_route=%2Fwp%2Fv2%2Fcategories&post=19971"},{"taxonomy":"post_tag","embeddable":true,"href":"https:\/\/revistazetta.com\/index.php?rest_route=%2Fwp%2Fv2%2Ftags&post=19971"}],"curies":[{"name":"wp","href":"https:\/\/api.w.org\/{rel}","templated":true}]}}