{"id":19973,"date":"2017-04-18T05:25:27","date_gmt":"2017-04-18T10:25:27","guid":{"rendered":"http:\/\/www.revistazetta.com\/?p=19973"},"modified":"2017-04-18T06:55:34","modified_gmt":"2017-04-18T11:55:34","slug":"alguien-ocupar-esa-silla-montero","status":"publish","type":"post","link":"https:\/\/revistazetta.com\/?p=19973","title":{"rendered":"\u201cAlguien tiene que ocupar esa silla\u201d: Montero"},"content":{"rendered":"<p>La incertidumbre del presidente del Concejo de Cartagena, Lewis Montero, leg\u00f3 hasta el Consejo de Estado, la Funci\u00f3n P\u00fablica y la Procuradur\u00eda, a donde ha acudido para que le digan con claridad qu\u00e9 hacer: si confirma la salida de Carlos Barrios como concejal, si posesiona a Wilson Toncel en su reemplazo, o si se aplica la denominada \u201csilla vac\u00eda\u201d.<\/p>\n<p>Esta \u00faltima f\u00f3rmula es la que menos le seduce, pues considera que fue creada para castigar a los partidos pol\u00edticos en caso de delitos graves como secuestro, narcotr\u00e1fico o terrorismo, pero en este caso se trata de una consecuencia de un proceso fiscal ante la Contralor\u00eda Distrital, por lo que la \u201csilla vac\u00eda\u201d no encuadrar\u00eda.<\/p>\n<p>\u201cAlguien tiene que ocupar esa silla\u201d, dijo y agreg\u00f3 que espera que las consultas con entidades y juristas le permitan tener claridad. En otras palabras, Lewis no sabe qu\u00e9 hacer.<\/p>\n","protected":false},"excerpt":{"rendered":"<p>La incertidumbre del presidente del Concejo de Cartagena, Lewis Montero, leg\u00f3 hasta el Consejo de Estado, la Funci\u00f3n P\u00fablica y la Procuradur\u00eda, a donde ha acudido para que le digan con claridad qu\u00e9 hacer: si confirma la salida de Carlos Barrios como concejal, si posesiona a Wilson Toncel en su reemplazo, o si se aplica la denominada \u201csilla vac\u00eda\u201d. Esta \u00faltima f\u00f3rmula es la que menos le seduce, pues considera que fue creada para castigar a los partidos pol\u00edticos en caso de delitos graves como secuestro, narcotr\u00e1fico o terrorismo, pero&#8230; <\/p>\n","protected":false},"author":3,"featured_media":19983,"comment_status":"open","ping_status":"closed","sticky":false,"template":"","format":"standard","meta":{"footnotes":"","_links_to":"","_links_to_target":""},"categories":[4,27,75],"tags":[],"class_list":["post-19973","post","type-post","status-publish","format-standard","has-post-thumbnail","hentry","category-politica","category-politicaconcejo","category-destacada"],"_links":{"self":[{"href":"https:\/\/revistazetta.com\/index.php?rest_route=\/wp\/v2\/posts\/19973","targetHints":{"allow":["GET"]}}],"collection":[{"href":"https:\/\/revistazetta.com\/index.php?rest_route=\/wp\/v2\/posts"}],"about":[{"href":"https:\/\/revistazetta.com\/index.php?rest_route=\/wp\/v2\/types\/post"}],"author":[{"embeddable":true,"href":"https:\/\/revistazetta.com\/index.php?rest_route=\/wp\/v2\/users\/3"}],"replies":[{"embeddable":true,"href":"https:\/\/revistazetta.com\/index.php?rest_route=%2Fwp%2Fv2%2Fcomments&post=19973"}],"version-history":[{"count":0,"href":"https:\/\/revistazetta.com\/index.php?rest_route=\/wp\/v2\/posts\/19973\/revisions"}],"wp:featuredmedia":[{"embeddable":true,"href":"https:\/\/revistazetta.com\/index.php?rest_route=\/wp\/v2\/media\/19983"}],"wp:attachment":[{"href":"https:\/\/revistazetta.com\/index.php?rest_route=%2Fwp%2Fv2%2Fmedia&parent=19973"}],"wp:term":[{"taxonomy":"category","embeddable":true,"href":"https:\/\/revistazetta.com\/index.php?rest_route=%2Fwp%2Fv2%2Fcategories&post=19973"},{"taxonomy":"post_tag","embeddable":true,"href":"https:\/\/revistazetta.com\/index.php?rest_route=%2Fwp%2Fv2%2Ftags&post=19973"}],"curies":[{"name":"wp","href":"https:\/\/api.w.org\/{rel}","templated":true}]}}