{"id":19974,"date":"2017-04-18T05:33:12","date_gmt":"2017-04-18T10:33:12","guid":{"rendered":"http:\/\/www.revistazetta.com\/?p=19974"},"modified":"2017-04-18T07:10:59","modified_gmt":"2017-04-18T12:10:59","slug":"alcaldia-local-1-ediles-deshojan-la-margarita","status":"publish","type":"post","link":"https:\/\/revistazetta.com\/?p=19974","title":{"rendered":"Alcald\u00eda Local 1: ediles deshojan la margarita"},"content":{"rendered":"<p>Los ediles de la Junta Administradora Local comenzaron a \u201cdeshojar la margarita\u201d para definir la terna que le presentar\u00e1n al alcalde Manolo Duque para que escoja al sucesor de Javier Enrique Jaramillo, que renunci\u00f3 hace m\u00e1s de un mes para aspirar a la C\u00e1mara de Representantes.<\/p>\n<p>Este jueves 20 de abril est\u00e1 prevista la audiencia para la confecci\u00f3n de la terna y la radicaci\u00f3n del acta correspondiente ante la Secretar\u00eda del interior.<\/p>\n<p>El lunes se cumpli\u00f3 la audiencia de presentaci\u00f3n de hojas de vida, pero seg\u00fan fuentes de la JAL, no hubo alguna que sedujera con notoria ventaja.<\/p>\n<p>De los candidatos hay dos que sobresalen por su trayectoria, aunque con diferentes antecedentes: Bernardo Romero Parra, reconocido dirigente comunal, exdirector de la Escuela de Gobierno; y Larry Laza, quien ha desfilado por varias entidades de salud y tiene controversias jur\u00eddicas con los ententes de control de Bol\u00edvar y Magdalena.<\/p>\n<p>Seg\u00fan el cronograma, la decisi\u00f3n del alcalde Manolo Duque se conocer\u00e1 el 27 de abril.<\/p>\n<p>Al vencerse el t\u00e9rmino para la inscripci\u00f3n, estos son los aspirantes, de los cuales el cuerpo de ediles deber\u00e1n escoger una terna para que el alcalde Manolo Duque seleccione un ternado:<\/p>\n<p>Bernardo Romero Parra<\/p>\n<p>Rafael Morales Morales<\/p>\n<p>Sandra Bernal<\/p>\n<p>Jos\u00e9 F\u00e9lix Ospino<\/p>\n<p>Rita L\u00f3pez<\/p>\n<p>Luis Carlos Caraballo<\/p>\n<p>Hernando Castillo<\/p>\n<p>Dagoberto Mac\u00edas Cabrera<\/p>\n<p>Edilberto Licona<\/p>\n<p>Andr\u00e9s Coronado<\/p>\n","protected":false},"excerpt":{"rendered":"<p>Los ediles de la Junta Administradora Local comenzaron a \u201cdeshojar la margarita\u201d para definir la terna que le presentar\u00e1n al alcalde Manolo Duque para que escoja al sucesor de Javier Enrique Jaramillo, que renunci\u00f3 hace m\u00e1s de un mes para aspirar a la C\u00e1mara de Representantes. Este jueves 20 de abril est\u00e1 prevista la audiencia para la confecci\u00f3n de la terna y la radicaci\u00f3n del acta correspondiente ante la Secretar\u00eda del interior. El lunes se cumpli\u00f3 la audiencia de presentaci\u00f3n de hojas de vida, pero seg\u00fan fuentes de la JAL,&#8230; <\/p>\n","protected":false},"author":3,"featured_media":19985,"comment_status":"open","ping_status":"closed","sticky":false,"template":"","format":"standard","meta":{"footnotes":"","_links_to":"","_links_to_target":""},"categories":[32,86],"tags":[],"class_list":["post-19974","post","type-post","status-publish","format-standard","has-post-thumbnail","hentry","category-actualidad-distrito","category-comunidad"],"_links":{"self":[{"href":"https:\/\/revistazetta.com\/index.php?rest_route=\/wp\/v2\/posts\/19974","targetHints":{"allow":["GET"]}}],"collection":[{"href":"https:\/\/revistazetta.com\/index.php?rest_route=\/wp\/v2\/posts"}],"about":[{"href":"https:\/\/revistazetta.com\/index.php?rest_route=\/wp\/v2\/types\/post"}],"author":[{"embeddable":true,"href":"https:\/\/revistazetta.com\/index.php?rest_route=\/wp\/v2\/users\/3"}],"replies":[{"embeddable":true,"href":"https:\/\/revistazetta.com\/index.php?rest_route=%2Fwp%2Fv2%2Fcomments&post=19974"}],"version-history":[{"count":0,"href":"https:\/\/revistazetta.com\/index.php?rest_route=\/wp\/v2\/posts\/19974\/revisions"}],"wp:featuredmedia":[{"embeddable":true,"href":"https:\/\/revistazetta.com\/index.php?rest_route=\/wp\/v2\/media\/19985"}],"wp:attachment":[{"href":"https:\/\/revistazetta.com\/index.php?rest_route=%2Fwp%2Fv2%2Fmedia&parent=19974"}],"wp:term":[{"taxonomy":"category","embeddable":true,"href":"https:\/\/revistazetta.com\/index.php?rest_route=%2Fwp%2Fv2%2Fcategories&post=19974"},{"taxonomy":"post_tag","embeddable":true,"href":"https:\/\/revistazetta.com\/index.php?rest_route=%2Fwp%2Fv2%2Ftags&post=19974"}],"curies":[{"name":"wp","href":"https:\/\/api.w.org\/{rel}","templated":true}]}}