{"id":20163,"date":"2017-04-26T07:09:57","date_gmt":"2017-04-26T12:09:57","guid":{"rendered":"http:\/\/www.revistazetta.com\/?p=20163"},"modified":"2017-04-26T07:16:23","modified_gmt":"2017-04-26T12:16:23","slug":"manolo-envia-infanteria-marina-seis-barrios","status":"publish","type":"post","link":"https:\/\/revistazetta.com\/?p=20163","title":{"rendered":"Manolo env\u00eda Infanter\u00eda de Marina a seis barrios"},"content":{"rendered":"<p>Ante la constante inseguridad, el alcalde Manolo Duque, envi\u00f3\u00a0a la Infanter\u00eda de Marina a patrullar en\u00a0Nelson Mandela, San Francisco, El Poz\u00f3n, La Candelaria, 7 de Agosto y La Esperanza.<\/p>\n<p>\u201cEn d\u00edas pasados estuve en Nelson Mandela y me cont\u00f3 la comunidad que la presi\u00f3n hab\u00eda bajado mucho y ahora al redoblarse los controles por parte de la Infanter\u00eda, la gente se sentir\u00e1 m\u00e1s segura en \u00e9ste y los dem\u00e1s barrios en los que har\u00e1n presencia\u201d, expres\u00f3 el alcalde Duque.<\/p>\n<p>Fernando Ni\u00f1o, secretario del Interior y Convivencia Ciudadana, explic\u00f3 que de manera conjunta con las autoridades se han tomado acciones inmediatas para combatir el microtr\u00e1fico. \u201cLlevamos cuatro allanamientos, y tenemos programado en otros sectores de la ciudad. Tambi\u00e9n hemos hecho labores de inteligencia y captura por hurto y otros delitos y vamos a continuar los operativos de control en las 6 arterias principales\u201d, precis\u00f3.<\/p>\n<p>El funcionario precis\u00f3 que los miembros de la Infanter\u00eda de Marina realicen patrullajes y hagan labores de inteligencia y colaboren con la fuerza p\u00fablica en los temas de seguridad.<\/p>\n<p>Se est\u00e1n organizando operativos en conjunto con la Polic\u00eda, la Fiscal\u00eda y las Alcald\u00edas Locales, para recuperar terrenos de bajamar y los bienes de uso p\u00fablico que tienen que ser protegidos desde el punto de vista ambiental para el disfrute de los cartageneros y \u201cpor eso nos vamos a tomar Punta Canoa, Playa Blanca y La Boquilla, La Isla de Titib\u00e1n\u201d.<\/p>\n<p>\u201cVamos a hacer las labores de recuperaci\u00f3n de las construcciones y que cumplan con las normas y as\u00ed garantizamos entorno seguro y espacios para todos los cartageneros\u201d, sostuvo el Secretario del Interior.<\/p>\n<p><strong>Millonaria inversi\u00f3n para la Polic\u00eda<\/strong><\/p>\n<p>El alcalde Manolo Duque tambi\u00e9n anunci\u00f3 que autoriz\u00f3 una inversi\u00f3n superior a los 6 mil millones de pesos en equipos y veh\u00edculos para garantizar la seguridad en todos los sectores de la ciudad.<\/p>\n<p>\u201cSe adquirir\u00e1n motocicletas, camionetas, cuatrimotos, necrom\u00f3vil, veh\u00edculo de transporte animal, jet ski, dr\u00f3n, entre otros equipos, con lo que contar\u00e1n las autoridades para mejorar la seguridad y la percepci\u00f3n ciudadana\u201d, coment\u00f3 el mandatario.<\/p>\n","protected":false},"excerpt":{"rendered":"<p>Ante la constante inseguridad, el alcalde Manolo Duque, envi\u00f3\u00a0a la Infanter\u00eda de Marina a patrullar en\u00a0Nelson Mandela, San Francisco, El Poz\u00f3n, La Candelaria, 7 de Agosto y La Esperanza. \u201cEn d\u00edas pasados estuve en Nelson Mandela y me cont\u00f3 la comunidad que la presi\u00f3n hab\u00eda bajado mucho y ahora al redoblarse los controles por parte de la Infanter\u00eda, la gente se sentir\u00e1 m\u00e1s segura en \u00e9ste y los dem\u00e1s barrios en los que har\u00e1n presencia\u201d, expres\u00f3 el alcalde Duque. Fernando Ni\u00f1o, secretario del Interior y Convivencia Ciudadana, explic\u00f3 que de&#8230; <\/p>\n","protected":false},"author":3,"featured_media":20156,"comment_status":"open","ping_status":"closed","sticky":false,"template":"","format":"standard","meta":{"footnotes":"","_links_to":"","_links_to_target":""},"categories":[75,32,88],"tags":[],"class_list":["post-20163","post","type-post","status-publish","format-standard","has-post-thumbnail","hentry","category-destacada","category-actualidad-distrito","category-seguridad"],"_links":{"self":[{"href":"https:\/\/revistazetta.com\/index.php?rest_route=\/wp\/v2\/posts\/20163","targetHints":{"allow":["GET"]}}],"collection":[{"href":"https:\/\/revistazetta.com\/index.php?rest_route=\/wp\/v2\/posts"}],"about":[{"href":"https:\/\/revistazetta.com\/index.php?rest_route=\/wp\/v2\/types\/post"}],"author":[{"embeddable":true,"href":"https:\/\/revistazetta.com\/index.php?rest_route=\/wp\/v2\/users\/3"}],"replies":[{"embeddable":true,"href":"https:\/\/revistazetta.com\/index.php?rest_route=%2Fwp%2Fv2%2Fcomments&post=20163"}],"version-history":[{"count":0,"href":"https:\/\/revistazetta.com\/index.php?rest_route=\/wp\/v2\/posts\/20163\/revisions"}],"wp:featuredmedia":[{"embeddable":true,"href":"https:\/\/revistazetta.com\/index.php?rest_route=\/wp\/v2\/media\/20156"}],"wp:attachment":[{"href":"https:\/\/revistazetta.com\/index.php?rest_route=%2Fwp%2Fv2%2Fmedia&parent=20163"}],"wp:term":[{"taxonomy":"category","embeddable":true,"href":"https:\/\/revistazetta.com\/index.php?rest_route=%2Fwp%2Fv2%2Fcategories&post=20163"},{"taxonomy":"post_tag","embeddable":true,"href":"https:\/\/revistazetta.com\/index.php?rest_route=%2Fwp%2Fv2%2Ftags&post=20163"}],"curies":[{"name":"wp","href":"https:\/\/api.w.org\/{rel}","templated":true}]}}