{"id":20165,"date":"2017-04-26T22:35:21","date_gmt":"2017-04-27T03:35:21","guid":{"rendered":"http:\/\/www.revistazetta.com\/?p=20165"},"modified":"2017-04-27T05:33:01","modified_gmt":"2017-04-27T10:33:01","slug":"seguridad-vial-asunto-todos-los-dias","status":"publish","type":"post","link":"https:\/\/revistazetta.com\/?p=20165","title":{"rendered":"Seguridad vial, asunto de todos los d\u00edas"},"content":{"rendered":"<div id=\"attachment_20193\" style=\"width: 310px\" class=\"wp-caption alignright\"><img loading=\"lazy\" decoding=\"async\" aria-describedby=\"caption-attachment-20193\" class=\"size-medium wp-image-20193\" src=\"https:\/\/www.revistazetta.com\/wp-content\/uploads\/2017\/04\/IMG_20170425_104035-300x188.jpg\" alt=\"dav\" width=\"300\" height=\"188\" srcset=\"https:\/\/revistazetta.com\/wp-content\/uploads\/2017\/04\/IMG_20170425_104035-300x188.jpg 300w, https:\/\/revistazetta.com\/wp-content\/uploads\/2017\/04\/IMG_20170425_104035-234x146.jpg 234w, https:\/\/revistazetta.com\/wp-content\/uploads\/2017\/04\/IMG_20170425_104035-50x31.jpg 50w, https:\/\/revistazetta.com\/wp-content\/uploads\/2017\/04\/IMG_20170425_104035-120x75.jpg 120w, https:\/\/revistazetta.com\/wp-content\/uploads\/2017\/04\/IMG_20170425_104035.jpg 800w\" sizes=\"auto, (max-width: 300px) 100vw, 300px\" \/><p id=\"caption-attachment-20193\" class=\"wp-caption-text\">dav<\/p><\/div>\n<p><img loading=\"lazy\" decoding=\"async\" class=\"alignright size-medium wp-image-20194\" src=\"https:\/\/www.revistazetta.com\/wp-content\/uploads\/2017\/04\/IMG-20170425-WA0093-300x188.jpg\" alt=\"IMG-20170425-WA0093\" width=\"300\" height=\"188\" srcset=\"https:\/\/revistazetta.com\/wp-content\/uploads\/2017\/04\/IMG-20170425-WA0093-300x188.jpg 300w, https:\/\/revistazetta.com\/wp-content\/uploads\/2017\/04\/IMG-20170425-WA0093-234x146.jpg 234w, https:\/\/revistazetta.com\/wp-content\/uploads\/2017\/04\/IMG-20170425-WA0093-50x31.jpg 50w, https:\/\/revistazetta.com\/wp-content\/uploads\/2017\/04\/IMG-20170425-WA0093-120x75.jpg 120w, https:\/\/revistazetta.com\/wp-content\/uploads\/2017\/04\/IMG-20170425-WA0093.jpg 800w\" sizes=\"auto, (max-width: 300px) 100vw, 300px\" \/>La Semana de la Seguridad Vial llev\u00f3 al Departamento Administrativo de Tr\u00e1nsito y Transporte, DATT, a trav\u00e9s de su Oficina de Educaci\u00f3n Vial, a realizar varias campa\u00f1as para minimizar los \u00edndices de accidentalidad en la ciudad.<\/p>\n<p>Las campa\u00f1as tiene un solo objetivo: concienciar a los conductores, peatones y dem\u00e1s actores de la v\u00eda en la obligatoriedad de respetar las se\u00f1ales y normas de tr\u00e1nsito, al igual que \u00e9stos se conviertan en multiplicadores de mensajes que con lleven a una mejor seguridad vial en la ciudad.<\/p>\n<p>Con ata\u00fad, carro destruido en accidente y envases de cervezas, el grupo de Educaci\u00f3n Vial del DATT ilustr\u00f3 las consecuencias de conducir en estado de embriaguez, al igual que fueron expuestos mensajes alusivos a los riesgos que implica el no uso de los cruces peatonales y desobedecer las se\u00f1ales de tr\u00e1nsito por parte de los peatones.<\/p>\n<p>Adem\u00e1s de estas ilustraciones, el DATT viene realizando durante esta semana capacitaciones tanto en empresas de transporte, colegios, universidades, centros comerciales y en las diversas estaciones de Transcaribe.<\/p>\n<p>El director del DATT, Edilberto Mendoza G\u00f3ez, se\u00f1al\u00f3 que si cada actor velara por ubicar su lugar correcto en la v\u00eda, se evitar\u00edan muchos accidentes de tr\u00e1nsito.<\/p>\n<p>\u00abLa movilidad es un asunto de todos. Por eso es necesario que como ciudadanos participemos de forma activa y respetuosa en la construcci\u00f3n de una cultura vial que permita movilizarnos de forma segura por la ciudad\u00bb, dijo Mendoza G\u00f3ez.<\/p>\n","protected":false},"excerpt":{"rendered":"<p>La Semana de la Seguridad Vial llev\u00f3 al Departamento Administrativo de Tr\u00e1nsito y Transporte, DATT, a trav\u00e9s de su Oficina de Educaci\u00f3n Vial, a realizar varias campa\u00f1as para minimizar los \u00edndices de accidentalidad en la ciudad. Las campa\u00f1as tiene un solo objetivo: concienciar a los conductores, peatones y dem\u00e1s actores de la v\u00eda en la obligatoriedad de respetar las se\u00f1ales y normas de tr\u00e1nsito, al igual que \u00e9stos se conviertan en multiplicadores de mensajes que con lleven a una mejor seguridad vial en la ciudad. Con ata\u00fad, carro destruido en&#8230; <\/p>\n","protected":false},"author":3,"featured_media":20179,"comment_status":"open","ping_status":"closed","sticky":false,"template":"","format":"standard","meta":{"footnotes":"","_links_to":"","_links_to_target":""},"categories":[32,88],"tags":[],"class_list":["post-20165","post","type-post","status-publish","format-standard","has-post-thumbnail","hentry","category-actualidad-distrito","category-seguridad"],"_links":{"self":[{"href":"https:\/\/revistazetta.com\/index.php?rest_route=\/wp\/v2\/posts\/20165","targetHints":{"allow":["GET"]}}],"collection":[{"href":"https:\/\/revistazetta.com\/index.php?rest_route=\/wp\/v2\/posts"}],"about":[{"href":"https:\/\/revistazetta.com\/index.php?rest_route=\/wp\/v2\/types\/post"}],"author":[{"embeddable":true,"href":"https:\/\/revistazetta.com\/index.php?rest_route=\/wp\/v2\/users\/3"}],"replies":[{"embeddable":true,"href":"https:\/\/revistazetta.com\/index.php?rest_route=%2Fwp%2Fv2%2Fcomments&post=20165"}],"version-history":[{"count":0,"href":"https:\/\/revistazetta.com\/index.php?rest_route=\/wp\/v2\/posts\/20165\/revisions"}],"wp:featuredmedia":[{"embeddable":true,"href":"https:\/\/revistazetta.com\/index.php?rest_route=\/wp\/v2\/media\/20179"}],"wp:attachment":[{"href":"https:\/\/revistazetta.com\/index.php?rest_route=%2Fwp%2Fv2%2Fmedia&parent=20165"}],"wp:term":[{"taxonomy":"category","embeddable":true,"href":"https:\/\/revistazetta.com\/index.php?rest_route=%2Fwp%2Fv2%2Fcategories&post=20165"},{"taxonomy":"post_tag","embeddable":true,"href":"https:\/\/revistazetta.com\/index.php?rest_route=%2Fwp%2Fv2%2Ftags&post=20165"}],"curies":[{"name":"wp","href":"https:\/\/api.w.org\/{rel}","templated":true}]}}