{"id":20166,"date":"2017-04-26T22:36:28","date_gmt":"2017-04-27T03:36:28","guid":{"rendered":"http:\/\/www.revistazetta.com\/?p=20166"},"modified":"2017-04-27T05:31:44","modified_gmt":"2017-04-27T10:31:44","slug":"distrito-contrato-transporte-estudiantes-zonas-perifericas","status":"publish","type":"post","link":"https:\/\/revistazetta.com\/?p=20166","title":{"rendered":"Distrito contrat\u00f3 transporte para estudiantes de zonas perif\u00e9ricas"},"content":{"rendered":"<p>Los estudiantes de 8 instituciones educativas rurales y 14 urbanas comenzar\u00e1n a disfrutar el servicio de transporte que contrat\u00f3 el gobierno de Primero la Gente.<\/p>\n<p>El contrato tiene un valor de $3.509 millones, adjudicado al \u201cConsorcio Ballestas\u201d, que deber\u00e1 poner al servicio 97 veh\u00edculos de transporte para movilizar 4.107 estudiantes de estas 22 instituciones educativas.<\/p>\n<p>Los veh\u00edculos deben cumplir con las exigencias instituidas por el Ministerio de Educaci\u00f3n Nacional y el Ministerio de Transporte.<\/p>\n<p>El secretario de Educaci\u00f3n \u00a0Distrital, Germ\u00e1n Sierra Anaya, asegur\u00f3 que \u201c\u00e9sta estrategia dirigida a disminuir la deserci\u00f3n estudiantil, adem\u00e1s resulta ser una ayuda econ\u00f3mica importante para las familias\u201d.<\/p>\n<p>Para hacer la coordinaci\u00f3n de este programa de transporte se realiz\u00f3 una reuni\u00f3n este mi\u00e9rcoles 26 de abril en el sal\u00f3n de conferencias de las Escuelas Profesionales Salesianas, entre el operador, los rectores de las instituciones educativas contempladas y la Secretar\u00eda de Educaci\u00f3n Distrital.<\/p>\n<p>Manuel Narv\u00e1ez, representante del consorcio, manifest\u00f3 ante los rectores que \u201ca partir de ya somos sus servidores, las sugerencias para ir mejorando el servicio ser\u00e1n atendidas, pues la intenci\u00f3n es hacer un trabajo en equipo para el beneficio de todos\u201d.<\/p>\n<p>Juan Carlos Urango, director de Cobertura de la Secretar\u00eda de Educaci\u00f3n Distrital, dijo que este nuevo modelo de transporte representa mayores garant\u00edas de seguridad para el alumnado, y de eficiencia administrativa.<\/p>\n<p>Explic\u00f3 que en la modalidad anterior, los recursos se transfer\u00edan a cada colegio para que estos, a su vez, contrataran el transporte.<\/p>\n","protected":false},"excerpt":{"rendered":"<p>Los estudiantes de 8 instituciones educativas rurales y 14 urbanas comenzar\u00e1n a disfrutar el servicio de transporte que contrat\u00f3 el gobierno de Primero la Gente. El contrato tiene un valor de $3.509 millones, adjudicado al \u201cConsorcio Ballestas\u201d, que deber\u00e1 poner al servicio 97 veh\u00edculos de transporte para movilizar 4.107 estudiantes de estas 22 instituciones educativas. Los veh\u00edculos deben cumplir con las exigencias instituidas por el Ministerio de Educaci\u00f3n Nacional y el Ministerio de Transporte. El secretario de Educaci\u00f3n \u00a0Distrital, Germ\u00e1n Sierra Anaya, asegur\u00f3 que \u201c\u00e9sta estrategia dirigida a disminuir la&#8230; <\/p>\n","protected":false},"author":3,"featured_media":20186,"comment_status":"open","ping_status":"closed","sticky":false,"template":"","format":"standard","meta":{"footnotes":"","_links_to":"","_links_to_target":""},"categories":[32],"tags":[],"class_list":["post-20166","post","type-post","status-publish","format-standard","has-post-thumbnail","hentry","category-actualidad-distrito"],"_links":{"self":[{"href":"https:\/\/revistazetta.com\/index.php?rest_route=\/wp\/v2\/posts\/20166","targetHints":{"allow":["GET"]}}],"collection":[{"href":"https:\/\/revistazetta.com\/index.php?rest_route=\/wp\/v2\/posts"}],"about":[{"href":"https:\/\/revistazetta.com\/index.php?rest_route=\/wp\/v2\/types\/post"}],"author":[{"embeddable":true,"href":"https:\/\/revistazetta.com\/index.php?rest_route=\/wp\/v2\/users\/3"}],"replies":[{"embeddable":true,"href":"https:\/\/revistazetta.com\/index.php?rest_route=%2Fwp%2Fv2%2Fcomments&post=20166"}],"version-history":[{"count":0,"href":"https:\/\/revistazetta.com\/index.php?rest_route=\/wp\/v2\/posts\/20166\/revisions"}],"wp:featuredmedia":[{"embeddable":true,"href":"https:\/\/revistazetta.com\/index.php?rest_route=\/wp\/v2\/media\/20186"}],"wp:attachment":[{"href":"https:\/\/revistazetta.com\/index.php?rest_route=%2Fwp%2Fv2%2Fmedia&parent=20166"}],"wp:term":[{"taxonomy":"category","embeddable":true,"href":"https:\/\/revistazetta.com\/index.php?rest_route=%2Fwp%2Fv2%2Fcategories&post=20166"},{"taxonomy":"post_tag","embeddable":true,"href":"https:\/\/revistazetta.com\/index.php?rest_route=%2Fwp%2Fv2%2Ftags&post=20166"}],"curies":[{"name":"wp","href":"https:\/\/api.w.org\/{rel}","templated":true}]}}