{"id":20167,"date":"2017-04-26T22:38:28","date_gmt":"2017-04-27T03:38:28","guid":{"rendered":"http:\/\/www.revistazetta.com\/?p=20167"},"modified":"2017-04-27T05:30:36","modified_gmt":"2017-04-27T10:30:36","slug":"educacion-bolivar-estrena-cupula","status":"publish","type":"post","link":"https:\/\/revistazetta.com\/?p=20167","title":{"rendered":"Educaci\u00f3n en Bol\u00edvar estrena c\u00fapula"},"content":{"rendered":"<p><img loading=\"lazy\" decoding=\"async\" class=\"alignright size-medium wp-image-20192\" src=\"https:\/\/www.revistazetta.com\/wp-content\/uploads\/2017\/04\/Foto-Secretario-de-Educaci\u00f3n-de-Bol\u00edvar-Oscar-Mar\u00edn-Villalba-y-nuevos-Directores-de-Procesos-de-la-Secretar\u00eda-de-Educaci\u00f3n-de-Bol\u00edvar.-300x188.jpg\" alt=\"Foto Secretario de Educaci\u00f3n de Bol\u00edvar, Oscar Mar\u00edn Villalba y nuevos Directores de Procesos de la Secretar\u00eda de Educaci\u00f3n de Bol\u00edvar.\" width=\"300\" height=\"188\" srcset=\"https:\/\/revistazetta.com\/wp-content\/uploads\/2017\/04\/Foto-Secretario-de-Educaci\u00f3n-de-Bol\u00edvar-Oscar-Mar\u00edn-Villalba-y-nuevos-Directores-de-Procesos-de-la-Secretar\u00eda-de-Educaci\u00f3n-de-Bol\u00edvar.-300x188.jpg 300w, https:\/\/revistazetta.com\/wp-content\/uploads\/2017\/04\/Foto-Secretario-de-Educaci\u00f3n-de-Bol\u00edvar-Oscar-Mar\u00edn-Villalba-y-nuevos-Directores-de-Procesos-de-la-Secretar\u00eda-de-Educaci\u00f3n-de-Bol\u00edvar.-234x146.jpg 234w, https:\/\/revistazetta.com\/wp-content\/uploads\/2017\/04\/Foto-Secretario-de-Educaci\u00f3n-de-Bol\u00edvar-Oscar-Mar\u00edn-Villalba-y-nuevos-Directores-de-Procesos-de-la-Secretar\u00eda-de-Educaci\u00f3n-de-Bol\u00edvar.-50x31.jpg 50w, https:\/\/revistazetta.com\/wp-content\/uploads\/2017\/04\/Foto-Secretario-de-Educaci\u00f3n-de-Bol\u00edvar-Oscar-Mar\u00edn-Villalba-y-nuevos-Directores-de-Procesos-de-la-Secretar\u00eda-de-Educaci\u00f3n-de-Bol\u00edvar.-120x75.jpg 120w, https:\/\/revistazetta.com\/wp-content\/uploads\/2017\/04\/Foto-Secretario-de-Educaci\u00f3n-de-Bol\u00edvar-Oscar-Mar\u00edn-Villalba-y-nuevos-Directores-de-Procesos-de-la-Secretar\u00eda-de-Educaci\u00f3n-de-Bol\u00edvar..jpg 800w\" sizes=\"auto, (max-width: 300px) 100vw, 300px\" \/>Con el prop\u00f3sito de convertir al departamento de Bol\u00edvar en modelo educativo y mejorar los indicadores percentiles en las diferentes pruebas de Estado, fueron designados nuevos directores de la Secretar\u00eda de Educaci\u00f3n de Bol\u00edvar: Liner Campo Tejedor, director de Cobertura; Robinson Casarrubia Cardona, director de Calidad Educativa; Zafir Iglesias Correa, director Administrativo de Planta; Ahisamac Rodr\u00edguez, director de Inspecci\u00f3n y Vigilancia, \u00a0y Harold Ramos Guerrero, Jefe de la Oficina Asesora de Asuntos Jur\u00eddicos.<\/p>\n<p>El secretario de Educaci\u00f3n de Bol\u00edvar, Oscar Mar\u00edn Villalba, present\u00f3 en el \u00faltimo comit\u00e9 directivo a los nuevos Directores de Procesos designados por el gobierno del \u201cBol\u00edvar S\u00ed Avanza\u201d, que lidera el primer mandatario de los bolivarenses Dumek Turbay Paz.<\/p>\n<p>Los nombramientos obedecen a una restructuraci\u00f3n que adelanta la administraci\u00f3n del gobernador Dumek Turbay Paz, con el prop\u00f3sito de impulsar cada uno de los procesos e impactar positivamente en los ambientes escolares de los 224 establecimientos educativos ubicados a lo largo y ancho de la inh\u00f3spita geograf\u00eda bolivarense.<\/p>\n<p>\u201cTenemos que abarcar el 100% de la cobertura, necesitamos que los ni\u00f1os est\u00e9n al interior de las escuelas oficiales del departamento recibiendo una ense\u00f1anza pertinente y de calidad, espero de cada uno de ellos el 100 % de su compromiso con la educaci\u00f3n del departamento de Bol\u00edvar\u201d, precis\u00f3 Mar\u00edn Villalba.<\/p>\n<p>&nbsp;<\/p>\n<p><strong>Perfiles<\/strong><\/p>\n<p>Liner Campo Tejedor es el nuevo director de Cobertura Educativa de Bol\u00edvar, abogado de la Universidad Libre de Bogot\u00e1, Especialista en Derecho Constitucional y Maestrante en Derecho Administrativo, con amplia experiencia en temas de Cobertura educativa en el departamento.<\/p>\n<p>Campo Tejedor llega a la administraci\u00f3n del \u201cBol\u00edvar S\u00cd Avanza\u201d que lidera el gobernador Dumek Turbay Paz, respaldado por una destacada trayectoria en la que se ha desempe\u00f1ado como funcionario de la Presidencia de la Rep\u00fablica de Colombia, acci\u00f3n social, oficina de v\u00edctimas y Alcald\u00eda Mayor de Bogot\u00e1, comisar\u00edas de familia y direcci\u00f3n de derechos humanos.<\/p>\n<p>Robinson Casarrubia Cardona, nuevo director de Calidad Educativa, es Licenciado en Educaci\u00f3n B\u00e1sica con \u00c9nfasis en Tecnolog\u00eda e Inform\u00e1tica y Licenciado en Psicopedagog\u00eda con \u00c9nfasis en Asesor\u00eda Educativa de la Universidad Pedag\u00f3gica y Tecnol\u00f3gica de Colombia, Especialista en Formulaci\u00f3n y elaboraci\u00f3n de Proyectos Sociales y Comunitarios, Especialista en Planeaci\u00f3n Educativa y Planes de Desarrollo, actualmente cursa una Maestr\u00eda en Derechos Humanos Gesti\u00f3n de la Transici\u00f3n y Posconflicto.<\/p>\n<p>El nuevo director de Calidad Educativa se ha desempe\u00f1ado en el sector p\u00fablico como asesor de despacho de infancia, adolescencia y familia en la Alcald\u00eda de Medell\u00edn, propulsor de la pol\u00edtica de primera infancia a nivel nacional y subgerente de Deportes y Recreaci\u00f3n del Instituto Departamental de Deportes y Recreaci\u00f3n de Bol\u00edvar (IDERBOL).<\/p>\n<p>Zafir Iglesias Correa, director Administrativo de Planta, es economista de la Universidad de Cartagena, especialista en Gesti\u00f3n P\u00fablica y Gerencia de Proyectos, m\u00e1s de 24 a\u00f1os como asesor Administrativo y Financiero, en diferentes municipios del departamento de Bol\u00edvar, docente y catedr\u00e1tico de la Escuela de Administraci\u00f3n Publica ESAP.<\/p>\n<p>Ahisamac Alfonso Rodr\u00edguez Hern\u00e1ndez es el nuevo director de Inspecci\u00f3n y Vigilancia, es Contador P\u00fablico, de la Corporaci\u00f3n Universitaria Rafael N\u00fa\u00f1ez, en el 2016 se desempe\u00f1\u00f3 como asesor externo de la Escuela de Gobierno, entre los a\u00f1os 2012-2015 se despe\u00f1\u00f3 como asesor externo en la Secretar\u00eda de Hacienda de la Gobernaci\u00f3n de Bol\u00edvar.<\/p>\n<p>Harold Ramos Guerrero, jefe de la oficina Asesora Jur\u00eddica, es abogado de la Universidad Aut\u00f3noma del Caribe, especialista en Derecho Administrativo, de la Universidad Libre de Barranquilla, con amplia experiencia en el sector p\u00fablico, viene de ser secretario de Gobierno del municipio de San Estanislao de Kostka.<\/p>\n","protected":false},"excerpt":{"rendered":"<p>Con el prop\u00f3sito de convertir al departamento de Bol\u00edvar en modelo educativo y mejorar los indicadores percentiles en las diferentes pruebas de Estado, fueron designados nuevos directores de la Secretar\u00eda de Educaci\u00f3n de Bol\u00edvar: Liner Campo Tejedor, director de Cobertura; Robinson Casarrubia Cardona, director de Calidad Educativa; Zafir Iglesias Correa, director Administrativo de Planta; Ahisamac Rodr\u00edguez, director de Inspecci\u00f3n y Vigilancia, \u00a0y Harold Ramos Guerrero, Jefe de la Oficina Asesora de Asuntos Jur\u00eddicos. El secretario de Educaci\u00f3n de Bol\u00edvar, Oscar Mar\u00edn Villalba, present\u00f3 en el \u00faltimo comit\u00e9 directivo a los&#8230; <\/p>\n","protected":false},"author":3,"featured_media":20181,"comment_status":"open","ping_status":"closed","sticky":false,"template":"","format":"standard","meta":{"footnotes":"","_links_to":"","_links_to_target":""},"categories":[2,75],"tags":[],"class_list":["post-20167","post","type-post","status-publish","format-standard","has-post-thumbnail","hentry","category-actualidad","category-destacada"],"_links":{"self":[{"href":"https:\/\/revistazetta.com\/index.php?rest_route=\/wp\/v2\/posts\/20167","targetHints":{"allow":["GET"]}}],"collection":[{"href":"https:\/\/revistazetta.com\/index.php?rest_route=\/wp\/v2\/posts"}],"about":[{"href":"https:\/\/revistazetta.com\/index.php?rest_route=\/wp\/v2\/types\/post"}],"author":[{"embeddable":true,"href":"https:\/\/revistazetta.com\/index.php?rest_route=\/wp\/v2\/users\/3"}],"replies":[{"embeddable":true,"href":"https:\/\/revistazetta.com\/index.php?rest_route=%2Fwp%2Fv2%2Fcomments&post=20167"}],"version-history":[{"count":0,"href":"https:\/\/revistazetta.com\/index.php?rest_route=\/wp\/v2\/posts\/20167\/revisions"}],"wp:featuredmedia":[{"embeddable":true,"href":"https:\/\/revistazetta.com\/index.php?rest_route=\/wp\/v2\/media\/20181"}],"wp:attachment":[{"href":"https:\/\/revistazetta.com\/index.php?rest_route=%2Fwp%2Fv2%2Fmedia&parent=20167"}],"wp:term":[{"taxonomy":"category","embeddable":true,"href":"https:\/\/revistazetta.com\/index.php?rest_route=%2Fwp%2Fv2%2Fcategories&post=20167"},{"taxonomy":"post_tag","embeddable":true,"href":"https:\/\/revistazetta.com\/index.php?rest_route=%2Fwp%2Fv2%2Ftags&post=20167"}],"curies":[{"name":"wp","href":"https:\/\/api.w.org\/{rel}","templated":true}]}}