{"id":20316,"date":"2017-05-08T19:40:57","date_gmt":"2017-05-09T00:40:57","guid":{"rendered":"http:\/\/www.revistazetta.com\/?p=20316"},"modified":"2017-05-08T21:44:03","modified_gmt":"2017-05-09T02:44:03","slug":"bolivar-concerta-plan-formacion-docente-maestros","status":"publish","type":"post","link":"https:\/\/revistazetta.com\/?p=20316","title":{"rendered":"Bol\u00edvar concerta Plan de Formaci\u00f3n Docente para sus maestros"},"content":{"rendered":"<p>El gobierno del \u201cBol\u00edvar S\u00ed Avanza\u201d, a trav\u00e9s de la Secretar\u00eda de Educaci\u00f3n Departamental, lider\u00f3 una reuni\u00f3n con miembros del Sindicato \u00danico de Educadores de Bol\u00edvar (SUDEB) y representantes de las universidades p\u00fablicas y privadas acantonadas en el territorio, con el prop\u00f3sito de buscar alternativas que permitan el fortalecimiento docente y transformar la pr\u00e1ctica pedag\u00f3gica de aula en cada rinc\u00f3n de la geograf\u00eda bolivarense.<\/p>\n<p>Robinson Casarrubia Cardona, director de Calidad Educativa de la Secretar\u00eda de Educaci\u00f3n, expres\u00f3 que la reuni\u00f3n tuvo como objetivo fortalecer lazos y trabajar por el bienestar de la Calidad Educativa en el departamento, \u201canalizamos temas trascendentales como la planeaci\u00f3n curricular, evaluaci\u00f3n por competencias, fortalecimiento de la educaci\u00f3n inicial, partiendo desde un punto de vista m\u00e1s hol\u00edstico que permita un acompa\u00f1amiento en in situ\u201d, agreg\u00f3 el funcionario.<\/p>\n<p>\u201cLas universidades se mostraron receptivas, hubo aportes valiosos y constructivos que sin duda permitir\u00e1n que cristalizamos el Plan de Formaci\u00f3n\u201d, asever\u00f3.<\/p>\n<p>Por su parte, Oscar Mar\u00edn Villalba, secretario de Educaci\u00f3n de Bol\u00edvar, indic\u00f3 que lo que busca la administraci\u00f3n del gobernador, Dumek Turbay Paz, es una propuesta de formaci\u00f3n estructurada, continua, organizada y sobre todo que responda a las necesidades pedag\u00f3gicas e investigativas, de manera que contribuyan al fortalecimiento y cualificaci\u00f3n del proyecto educativo institucional y en especial del servicio educativo oficial en el departamento de Bol\u00edvar.<\/p>\n<p>Por su parte, Julio Alandete Arroyo, Vicerrector Universidad de San Buenaventura, indic\u00f3 que la reuni\u00f3n estuvo orientada a la estructuraci\u00f3n de un Plan de Formaci\u00f3n que beneficiar\u00e1 a los docentes del departamento de Bol\u00edvar, \u201cha sido un di\u00e1logo bastante amplio, como Universidad de San Buenaventura vamos a brindar todo nuestro aporte para que esa iniciativa se ejecute de la mejor manera y los docentes puedan tener m\u00e1s herramientas para que hagan mejor su labor\u201d, precis\u00f3 el catedr\u00e1tico.<\/p>\n<p>\u201cLe apuesto a la propuesta, definitivamente estoy convencida que las alianzas estrat\u00e9gicas y el llamado que se hace a la academia en cumplimiento de las normas, donde se le otorga una gran responsabilidad a las instituciones de educaci\u00f3n superior que tienen programas de educaci\u00f3n, para que puedan aportar al fortalecimiento de la calidad educativa en las regiones\u201d, dijo, Heidi del Castillo Ballestas, directora de programas de Educaci\u00f3n, Corporaci\u00f3n Universitaria Rafael N\u00fa\u00f1ez.<\/p>\n<p><strong>&#8216;<\/strong>El Plan de Formaci\u00f3n Docente<strong>&#8216;<\/strong> se constituir\u00e1 en una herramienta importante para la Secretar\u00eda de Educaci\u00f3n de Bol\u00edvar, mediante el cual no solo se conseguir\u00e1 mejorar de manera intencionada el quehacer pedag\u00f3gico de los docentes y directivos docentes, sino que permitir\u00e1 tambi\u00e9n hacer seguimiento a la prestaci\u00f3n del servicio educativo.<\/p>\n","protected":false},"excerpt":{"rendered":"<p>El gobierno del \u201cBol\u00edvar S\u00ed Avanza\u201d, a trav\u00e9s de la Secretar\u00eda de Educaci\u00f3n Departamental, lider\u00f3 una reuni\u00f3n con miembros del Sindicato \u00danico de Educadores de Bol\u00edvar (SUDEB) y representantes de las universidades p\u00fablicas y privadas acantonadas en el territorio, con el prop\u00f3sito de buscar alternativas que permitan el fortalecimiento docente y transformar la pr\u00e1ctica pedag\u00f3gica de aula en cada rinc\u00f3n de la geograf\u00eda bolivarense. Robinson Casarrubia Cardona, director de Calidad Educativa de la Secretar\u00eda de Educaci\u00f3n, expres\u00f3 que la reuni\u00f3n tuvo como objetivo fortalecer lazos y trabajar por el bienestar&#8230; <\/p>\n","protected":false},"author":3,"featured_media":20323,"comment_status":"open","ping_status":"closed","sticky":false,"template":"","format":"standard","meta":{"footnotes":"","_links_to":"","_links_to_target":""},"categories":[80,33],"tags":[],"class_list":["post-20316","post","type-post","status-publish","format-standard","has-post-thumbnail","hentry","category-region","category-actualidad-bolivar"],"_links":{"self":[{"href":"https:\/\/revistazetta.com\/index.php?rest_route=\/wp\/v2\/posts\/20316","targetHints":{"allow":["GET"]}}],"collection":[{"href":"https:\/\/revistazetta.com\/index.php?rest_route=\/wp\/v2\/posts"}],"about":[{"href":"https:\/\/revistazetta.com\/index.php?rest_route=\/wp\/v2\/types\/post"}],"author":[{"embeddable":true,"href":"https:\/\/revistazetta.com\/index.php?rest_route=\/wp\/v2\/users\/3"}],"replies":[{"embeddable":true,"href":"https:\/\/revistazetta.com\/index.php?rest_route=%2Fwp%2Fv2%2Fcomments&post=20316"}],"version-history":[{"count":0,"href":"https:\/\/revistazetta.com\/index.php?rest_route=\/wp\/v2\/posts\/20316\/revisions"}],"wp:featuredmedia":[{"embeddable":true,"href":"https:\/\/revistazetta.com\/index.php?rest_route=\/wp\/v2\/media\/20323"}],"wp:attachment":[{"href":"https:\/\/revistazetta.com\/index.php?rest_route=%2Fwp%2Fv2%2Fmedia&parent=20316"}],"wp:term":[{"taxonomy":"category","embeddable":true,"href":"https:\/\/revistazetta.com\/index.php?rest_route=%2Fwp%2Fv2%2Fcategories&post=20316"},{"taxonomy":"post_tag","embeddable":true,"href":"https:\/\/revistazetta.com\/index.php?rest_route=%2Fwp%2Fv2%2Ftags&post=20316"}],"curies":[{"name":"wp","href":"https:\/\/api.w.org\/{rel}","templated":true}]}}