{"id":20508,"date":"2017-05-18T19:32:13","date_gmt":"2017-05-19T00:32:13","guid":{"rendered":"http:\/\/www.revistazetta.com\/?p=20508"},"modified":"2017-05-19T07:32:41","modified_gmt":"2017-05-19T12:32:41","slug":"cartagena-no-puede-detenerse-dumek-turbay","status":"publish","type":"post","link":"https:\/\/revistazetta.com\/?p=20508","title":{"rendered":"\u201cCartagena no puede detenerse\u00bb: Dumek Turbay"},"content":{"rendered":"<div>\u00abLos cartageneros, as\u00ed como la administraci\u00f3n distrital, siempre podr\u00e1n contar con el gobierno del Bol\u00edvar S\u00ed Avanza. Esta coyuntura no debe paralizar las inversiones y proyectos por los que la ciudad ha venido trabajando y que tanto requiere. Desde la administraci\u00f3n departamental seguiremos dando nuestro mejor esfuerzo para apoyar las soluciones a problem\u00e1ticas estructurales de Cartagena y Bol\u00edvar\u00bb, sostuvo Turbay Paz.<\/div>\n<div><\/div>\n<div>Luego de conocer la decisi\u00f3n de la Procuradur\u00eda General de la Naci\u00f3n de suspender durante tres meses al alcalde de Cartagena, el gobernador de Bol\u00edvar, \u00a0Dumek Turbay Paz, expres\u00f3 ante la opini\u00f3n p\u00fablica que es respetuoso de las decisiones del Ministerio P\u00fablico frente al proceso investigativo que se adelanta.<\/div>\n<div><\/div>\n<div>\u201cEs nuestro deseo que esta situaci\u00f3n se resuelva pronto, \u00a0 como gobernador de todos los bolivarenses me comprometo a apoyar en todo aquello que sea menester\u201d puntualiz\u00f3 Turbay.<\/div>\n<div><\/div>\n<div>As\u00ed mismo, el gobernador del Departamento de Bol\u00edvar expres\u00f3 que Cartagena, tiene dentro de su agenda grandes compromisos que deben afrontarse sin traumatismos e importantes proyectos en coordinaci\u00f3n con el Gobierno nacional que deben continuar, pues contribuyen a soluciones de gran impacto para la ciudad.<\/div>\n","protected":false},"excerpt":{"rendered":"<p>\u00abLos cartageneros, as\u00ed como la administraci\u00f3n distrital, siempre podr\u00e1n contar con el gobierno del Bol\u00edvar S\u00ed Avanza. Esta coyuntura no debe paralizar las inversiones y proyectos por los que la ciudad ha venido trabajando y que tanto requiere. Desde la administraci\u00f3n departamental seguiremos dando nuestro mejor esfuerzo para apoyar las soluciones a problem\u00e1ticas estructurales de Cartagena y Bol\u00edvar\u00bb, sostuvo Turbay Paz. Luego de conocer la decisi\u00f3n de la Procuradur\u00eda General de la Naci\u00f3n de suspender durante tres meses al alcalde de Cartagena, el gobernador de Bol\u00edvar, \u00a0Dumek Turbay Paz, expres\u00f3&#8230; <\/p>\n","protected":false},"author":3,"featured_media":20512,"comment_status":"open","ping_status":"closed","sticky":false,"template":"","format":"standard","meta":{"footnotes":"","_links_to":"","_links_to_target":""},"categories":[4],"tags":[],"class_list":["post-20508","post","type-post","status-publish","format-standard","has-post-thumbnail","hentry","category-politica"],"_links":{"self":[{"href":"https:\/\/revistazetta.com\/index.php?rest_route=\/wp\/v2\/posts\/20508","targetHints":{"allow":["GET"]}}],"collection":[{"href":"https:\/\/revistazetta.com\/index.php?rest_route=\/wp\/v2\/posts"}],"about":[{"href":"https:\/\/revistazetta.com\/index.php?rest_route=\/wp\/v2\/types\/post"}],"author":[{"embeddable":true,"href":"https:\/\/revistazetta.com\/index.php?rest_route=\/wp\/v2\/users\/3"}],"replies":[{"embeddable":true,"href":"https:\/\/revistazetta.com\/index.php?rest_route=%2Fwp%2Fv2%2Fcomments&post=20508"}],"version-history":[{"count":0,"href":"https:\/\/revistazetta.com\/index.php?rest_route=\/wp\/v2\/posts\/20508\/revisions"}],"wp:featuredmedia":[{"embeddable":true,"href":"https:\/\/revistazetta.com\/index.php?rest_route=\/wp\/v2\/media\/20512"}],"wp:attachment":[{"href":"https:\/\/revistazetta.com\/index.php?rest_route=%2Fwp%2Fv2%2Fmedia&parent=20508"}],"wp:term":[{"taxonomy":"category","embeddable":true,"href":"https:\/\/revistazetta.com\/index.php?rest_route=%2Fwp%2Fv2%2Fcategories&post=20508"},{"taxonomy":"post_tag","embeddable":true,"href":"https:\/\/revistazetta.com\/index.php?rest_route=%2Fwp%2Fv2%2Ftags&post=20508"}],"curies":[{"name":"wp","href":"https:\/\/api.w.org\/{rel}","templated":true}]}}