{"id":20509,"date":"2017-05-18T19:33:03","date_gmt":"2017-05-19T00:33:03","guid":{"rendered":"http:\/\/www.revistazetta.com\/?p=20509"},"modified":"2017-05-19T07:34:12","modified_gmt":"2017-05-19T12:34:12","slug":"65-sedes-educativas-afectadas-ola-invernal-departamento-bolivar","status":"publish","type":"post","link":"https:\/\/revistazetta.com\/?p=20509","title":{"rendered":"Ola invernal inunda 65 sedes educativas en Bol\u00edvar"},"content":{"rendered":"<p><img loading=\"lazy\" decoding=\"async\" class=\"alignright size-medium wp-image-20516\" src=\"https:\/\/www.revistazetta.com\/wp-content\/uploads\/2017\/05\/Foto-6JPG-300x188.jpg\" alt=\"Foto 6JPG\" width=\"300\" height=\"188\" srcset=\"https:\/\/revistazetta.com\/wp-content\/uploads\/2017\/05\/Foto-6JPG-300x188.jpg 300w, https:\/\/revistazetta.com\/wp-content\/uploads\/2017\/05\/Foto-6JPG-234x146.jpg 234w, https:\/\/revistazetta.com\/wp-content\/uploads\/2017\/05\/Foto-6JPG-50x31.jpg 50w, https:\/\/revistazetta.com\/wp-content\/uploads\/2017\/05\/Foto-6JPG-120x75.jpg 120w, https:\/\/revistazetta.com\/wp-content\/uploads\/2017\/05\/Foto-6JPG.jpg 800w\" sizes=\"auto, (max-width: 300px) 100vw, 300px\" \/>Por instrucciones del se\u00f1or gobernador de Bol\u00edvar, Dumek Turbay Paz, el secretario de Educaci\u00f3n de Bol\u00edvar, Oscar Mar\u00edn Villalba, dispuso de un equipo interdisciplinario para que revise y palpe de primera mano, la afectaci\u00f3n que por ola invernal deja hasta la fecha 65 sedes educativas en 9 municipios del cono sur del departamento.<\/p>\n<p>Oscar Mar\u00edn Villalba, asegur\u00f3 que la idea es acompa\u00f1ar a las autoridades locales, directivos docentes y rectores de los establecimientos educativos afectados por las crecientes de los r\u00edos Cauca y Magdalena, en la b\u00fasqueda de soluciones que permita garantizar la continuidad del calendario escolar en cada rinc\u00f3n de la geograf\u00eda bolivarense.<\/p>\n<p>\u201cVamos a buscar a los alcaldes, secretarios de Educaci\u00f3n y rectores para ver de primera mano la situaci\u00f3n calamitosa que afrontan alrededor de 65 sedes educativas en las \u00e1reas rurales de los municipios de Barranco de Loba, El Pe\u00f1\u00f3n, Montecristo, Morales, R\u00edo Viejo, San Jacinto del Cauca, Pinillos, Ach\u00ed y Cantagallo\u201d, dijo el funcionario.<\/p>\n<p>La m\u00e1xima autoridad educativa de los bolivarenses, indic\u00f3 que \u201cla comunidad educativa del departamento no est\u00e1 sola, este ejercicio nos permitir\u00e1 consolidar y gestionar ante el Ministerio de Educaci\u00f3n ayudas que nos permita atender de manera inmediata la situaci\u00f3n\u201d, asever\u00f3.<\/p>\n<p><strong><u><img loading=\"lazy\" decoding=\"async\" class=\"alignright size-medium wp-image-20515\" src=\"https:\/\/www.revistazetta.com\/wp-content\/uploads\/2017\/05\/Foto-4-300x188.jpg\" alt=\"Foto 4\" width=\"300\" height=\"188\" srcset=\"https:\/\/revistazetta.com\/wp-content\/uploads\/2017\/05\/Foto-4-300x188.jpg 300w, https:\/\/revistazetta.com\/wp-content\/uploads\/2017\/05\/Foto-4-234x146.jpg 234w, https:\/\/revistazetta.com\/wp-content\/uploads\/2017\/05\/Foto-4-50x31.jpg 50w, https:\/\/revistazetta.com\/wp-content\/uploads\/2017\/05\/Foto-4-120x75.jpg 120w, https:\/\/revistazetta.com\/wp-content\/uploads\/2017\/05\/Foto-4.jpg 800w\" sizes=\"auto, (max-width: 300px) 100vw, 300px\" \/>Medidas inmediatas<\/u><\/strong><\/p>\n<p>Mar\u00edn Villalba dijo, adem\u00e1s, que la intenci\u00f3n de la administraci\u00f3n del gobernador, Dumek Turbay Paz, es buscar medidas inmediatas que permitan garantizar la jornada escolar una vez bajen las afectaciones y se disuelva la orden de paro acatada por las centrales obreras, \u201cla idea es que las administraciones locales dispongan de sitios altos para atender a la poblaci\u00f3n estudiantil, de no encontrar eco nos ver\u00edamos abocados a suspender el calendario en las zonas afectadas\u201d, puntualiz\u00f3.<\/p>\n<p><strong><u>Balance<\/u><\/strong><\/p>\n<p>El secretario indic\u00f3, que el balance arroja 7 sedes afectadas en Barranco de Loba, 2 en El Pe\u00f1\u00f3n, 18 en Montecristo, 13 en Morales, 1 en R\u00edo Viejo, 13 en San Jacinto del Cauca, 5 en Cantagallo, Ach\u00ed y Pinillos.<\/p>\n<p>Por su parte, Edgardo Ahumada Mu\u00f1oz, profesional de Servicios Inform\u00e1ticos, asegur\u00f3 que la Secretar\u00eda de Educaci\u00f3n de Bol\u00edvar,\u00a0\u00a0 realiza actualmente gestiones\u00a0ante\u00a0el Ministerio de Tecnolog\u00edas de la Informaci\u00f3n y las Comunicaciones TIC, para\u00a0continuar con el beneficio que ofrecen los\u00a0Kioscos\u00a0Vive Digital en el campo bolivarense, \u201cla idea es que las instituciones educativas afectadas sigan gozando del servicio una vez salgan de las inundaciones\u00a0 y que el Ministerio al no ver operativos estos servicios, no dispongan del traslado para otras regiones del pa\u00eds\u201d, puntualiz\u00f3.<\/p>\n<p>M\u00e1s de 4 mil estudiantes y 23 Kioscos Vive Digital se encuentran afectados con la temporada de lluvias que azotan al departamento de Bol\u00edvar; la meta es que todos los rectores y directivos de las escuelas afectadas por el crudo invierno reporten de inmediato al despacho de la Secretar\u00eda de Educaci\u00f3n.<\/p>\n","protected":false},"excerpt":{"rendered":"<p>Por instrucciones del se\u00f1or gobernador de Bol\u00edvar, Dumek Turbay Paz, el secretario de Educaci\u00f3n de Bol\u00edvar, Oscar Mar\u00edn Villalba, dispuso de un equipo interdisciplinario para que revise y palpe de primera mano, la afectaci\u00f3n que por ola invernal deja hasta la fecha 65 sedes educativas en 9 municipios del cono sur del departamento. Oscar Mar\u00edn Villalba, asegur\u00f3 que la idea es acompa\u00f1ar a las autoridades locales, directivos docentes y rectores de los establecimientos educativos afectados por las crecientes de los r\u00edos Cauca y Magdalena, en la b\u00fasqueda de soluciones que&#8230; <\/p>\n","protected":false},"author":3,"featured_media":20513,"comment_status":"open","ping_status":"closed","sticky":false,"template":"","format":"standard","meta":{"footnotes":"","_links_to":"","_links_to_target":""},"categories":[80,33],"tags":[],"class_list":["post-20509","post","type-post","status-publish","format-standard","has-post-thumbnail","hentry","category-region","category-actualidad-bolivar"],"_links":{"self":[{"href":"https:\/\/revistazetta.com\/index.php?rest_route=\/wp\/v2\/posts\/20509","targetHints":{"allow":["GET"]}}],"collection":[{"href":"https:\/\/revistazetta.com\/index.php?rest_route=\/wp\/v2\/posts"}],"about":[{"href":"https:\/\/revistazetta.com\/index.php?rest_route=\/wp\/v2\/types\/post"}],"author":[{"embeddable":true,"href":"https:\/\/revistazetta.com\/index.php?rest_route=\/wp\/v2\/users\/3"}],"replies":[{"embeddable":true,"href":"https:\/\/revistazetta.com\/index.php?rest_route=%2Fwp%2Fv2%2Fcomments&post=20509"}],"version-history":[{"count":0,"href":"https:\/\/revistazetta.com\/index.php?rest_route=\/wp\/v2\/posts\/20509\/revisions"}],"wp:featuredmedia":[{"embeddable":true,"href":"https:\/\/revistazetta.com\/index.php?rest_route=\/wp\/v2\/media\/20513"}],"wp:attachment":[{"href":"https:\/\/revistazetta.com\/index.php?rest_route=%2Fwp%2Fv2%2Fmedia&parent=20509"}],"wp:term":[{"taxonomy":"category","embeddable":true,"href":"https:\/\/revistazetta.com\/index.php?rest_route=%2Fwp%2Fv2%2Fcategories&post=20509"},{"taxonomy":"post_tag","embeddable":true,"href":"https:\/\/revistazetta.com\/index.php?rest_route=%2Fwp%2Fv2%2Ftags&post=20509"}],"curies":[{"name":"wp","href":"https:\/\/api.w.org\/{rel}","templated":true}]}}