{"id":20519,"date":"2017-05-20T08:02:05","date_gmt":"2017-05-20T13:02:05","guid":{"rendered":"http:\/\/www.revistazetta.com\/?p=20519"},"modified":"2017-05-20T08:02:05","modified_gmt":"2017-05-20T13:02:05","slug":"viernes-gente-silencio-nueva-jerusalen-villa-fany","status":"publish","type":"post","link":"https:\/\/revistazetta.com\/?p=20519","title":{"rendered":"Viernes Con Mi Gente en El Silencio, Nueva Jerusal\u00e9n y Villa Fany"},"content":{"rendered":"<p>Con una masiva asistencia se desarroll\u00f3 en los barrios El Silencio, Nueva Jerusal\u00e9n, Villa Fany y sectores aleda\u00f1os, \u00a0la jornada Viernes Con Mi Gente realizada por la Alcald\u00eda de Cartagena en cabeza de Manolo Duque y a trav\u00e9s del Plan de Emergencia Social Pedro Romero, lo que benefici\u00f3 a unas 1621 personas.<\/p>\n<p>El director de esta entidad, Javier Emilio Lora Jim\u00e9nez, explic\u00f3 que en respuesta a inquietudes y\u00a0 necesidades presentadas por los l\u00edderes y miembros de las Juntas de Acci\u00f3n Comunal de estas comunidades, el alcalde Manolo Duque, direccion\u00f3 la primera jornada masiva de atenci\u00f3n descentralizada para poblaci\u00f3n en situaci\u00f3n de vulnerabilidad de diez programadas para la vigencia del 2017, las cuales est\u00e1n enmarcadas en la l\u00ednea estrat\u00e9gica Para la Superaci\u00f3n de la Pobreza y la Desigualdad del Plan de Desarrollo Primero la Gente.<\/p>\n<p>Manifest\u00f3 el funcionario que fueron m\u00e1s de 1600 personas beneficiadas con los servicios trasladados muy cerca a sus lugares de residencia, llevando la oferta social de varias secretar\u00edas del Distrito, organismos descentralizados y aliados estrat\u00e9gicos del sector privado y solidario.<\/p>\n<p>Los servicios que mayor demanda de la comunidad presentan son los ofertados por el Sisb\u00e9n, la Registradur\u00eda Nacional del Estado Civil,\u00a0el sector salud, educaci\u00f3n, empleo y generaci\u00f3n de ingresos.<\/p>\n<p>El Plan de Emergencia Social Pedro Romero- PES-PR, es la entidad encargada de la organizaci\u00f3n de estas jornadas masivas de atenci\u00f3n, desde donde se articula la oferta social del Distrito y sus aliados, para dar respuesta a la demanda social de las comunidades en situaci\u00f3n de pobreza extrema de Cartagena y sus corregimientos.<\/p>\n<p><strong>Servicios ofrecidos<\/strong><\/p>\n<p>La Registradur\u00eda Nacional llev\u00f3 los servicios de expedici\u00f3n y renovaci\u00f3n de tarjetas de identidad, mientras la oficina del Sisb\u00e9n ofreci\u00f3 inclusi\u00f3n y revisi\u00f3n de puntaje. En salud, la comunidad cont\u00f3 con toma de presi\u00f3n arterial para el adulto mayor, salud sexual y reproductiva para poblaci\u00f3n juvenil, higiene oral para ni\u00f1os, afiliaci\u00f3n en salud, afiliaci\u00f3n a usuarios, vacunaci\u00f3n canina y felina, esterilizaci\u00f3n de animales, inspecci\u00f3n de aguas residuales y estancadas, planificaci\u00f3n familiar y entrega de preservativos.<\/p>\n<p>Adem\u00e1s se brind\u00f3 asesor\u00eda para la prevenci\u00f3n del c\u00e1ncer de mama, valoraci\u00f3n nutricional para ni\u00f1os menores de 5 a\u00f1os, atenci\u00f3n psicol\u00f3gica a la familia, prevenci\u00f3n del consumo de sustancias psicoactivas, asesor\u00eda familiar, oferta de cr\u00e9ditos y apoyo para negocios, ahorro voluntario para la vejez, entre otros servicios.<\/p>\n<p>La diversi\u00f3n, el entretenimiento, la cultura y el fomento de la actividad f\u00edsica y el sano\u00a0 esparcimiento estuvieron a cargo del IDER, Infanter\u00eda de Marina Distrito No.14, Ludoteca \u00a0de la Secretar\u00eda de Participaci\u00f3n Ciudadana y Desarrollo Social y la Fundaci\u00f3n Mas M\u00fasica Menos Drogas.<\/p>\n<p>Aliados estrat\u00e9gicos como Prosperidad Social, Profamilia, Coosalud, ICBF, M\u00e1s Familias En Acci\u00f3n, Unidad M\u00f3vil del empleo de Comfenalco, BEPS de Colpensiones, Cuerpo de Bomberos, Secretar\u00eda del Interior, Escuela de Gobierno, Polic\u00eda Nacional, Academia de Belleza, EPA, Gesti\u00f3n del Riesgo, Corvivienda, entre otros, tambi\u00e9n se sumaron a esta jornada<\/p>\n<p>&nbsp;<\/p>\n","protected":false},"excerpt":{"rendered":"<p>Con una masiva asistencia se desarroll\u00f3 en los barrios El Silencio, Nueva Jerusal\u00e9n, Villa Fany y sectores aleda\u00f1os, \u00a0la jornada Viernes Con Mi Gente realizada por la Alcald\u00eda de Cartagena en cabeza de Manolo Duque y a trav\u00e9s del Plan de Emergencia Social Pedro Romero, lo que benefici\u00f3 a unas 1621 personas. El director de esta entidad, Javier Emilio Lora Jim\u00e9nez, explic\u00f3 que en respuesta a inquietudes y\u00a0 necesidades presentadas por los l\u00edderes y miembros de las Juntas de Acci\u00f3n Comunal de estas comunidades, el alcalde Manolo Duque, direccion\u00f3 la&#8230; <\/p>\n","protected":false},"author":3,"featured_media":0,"comment_status":"open","ping_status":"closed","sticky":false,"template":"","format":"standard","meta":{"footnotes":"","_links_to":"","_links_to_target":""},"categories":[32,86],"tags":[],"class_list":["post-20519","post","type-post","status-publish","format-standard","hentry","category-actualidad-distrito","category-comunidad"],"_links":{"self":[{"href":"https:\/\/revistazetta.com\/index.php?rest_route=\/wp\/v2\/posts\/20519","targetHints":{"allow":["GET"]}}],"collection":[{"href":"https:\/\/revistazetta.com\/index.php?rest_route=\/wp\/v2\/posts"}],"about":[{"href":"https:\/\/revistazetta.com\/index.php?rest_route=\/wp\/v2\/types\/post"}],"author":[{"embeddable":true,"href":"https:\/\/revistazetta.com\/index.php?rest_route=\/wp\/v2\/users\/3"}],"replies":[{"embeddable":true,"href":"https:\/\/revistazetta.com\/index.php?rest_route=%2Fwp%2Fv2%2Fcomments&post=20519"}],"version-history":[{"count":0,"href":"https:\/\/revistazetta.com\/index.php?rest_route=\/wp\/v2\/posts\/20519\/revisions"}],"wp:attachment":[{"href":"https:\/\/revistazetta.com\/index.php?rest_route=%2Fwp%2Fv2%2Fmedia&parent=20519"}],"wp:term":[{"taxonomy":"category","embeddable":true,"href":"https:\/\/revistazetta.com\/index.php?rest_route=%2Fwp%2Fv2%2Fcategories&post=20519"},{"taxonomy":"post_tag","embeddable":true,"href":"https:\/\/revistazetta.com\/index.php?rest_route=%2Fwp%2Fv2%2Ftags&post=20519"}],"curies":[{"name":"wp","href":"https:\/\/api.w.org\/{rel}","templated":true}]}}