{"id":20520,"date":"2017-05-20T08:03:24","date_gmt":"2017-05-20T13:03:24","guid":{"rendered":"http:\/\/www.revistazetta.com\/?p=20520"},"modified":"2017-05-20T08:03:24","modified_gmt":"2017-05-20T13:03:24","slug":"palenque-epicentro-mes-la-afcocolombianidad","status":"publish","type":"post","link":"https:\/\/revistazetta.com\/?p=20520","title":{"rendered":"Palenque es epicentro de mes de la Afcocolombianidad"},"content":{"rendered":"<p>Los tambores y flautas de la agrupaci\u00f3n aut\u00f3ctona\u00a0<em>Kombilesa Mi,<\/em><em>\u00a0<\/em>que re\u00fane los elementos propios de la riqueza cultural palenquera, recibieron en frente del Cementerio de San Basilio de Palenque al gobernador de Bol\u00edvar, Dumek Turbay Paz, y al ministro del Interior, Juan Fernando Cristo.<\/p>\n<p>En el mismo escenario, revestidos del saber ancestral y el respeto que simbolizan sus bastones de mando, tambi\u00e9n estuvo presente la Guardia Cimarrona. El encuentro tuvo lugar en el marco del mes de la Afrocolombianidad, donde el Bol\u00edvar S\u00ed Avanza ha expresado su apoyo y acompa\u00f1amiento hacia la preservaci\u00f3n de la herencia africana en el Departamento.<\/p>\n<p>Tras dejar a su paso el camposanto donde reposan los restos del gran Evaristo M\u00e1rquez,\u00a0 Batata, Jos\u00e9 Valdez, Graciela Salgado y Francisco Ca\u00f1ate, entre otras insignias del primer pueblo libre de Am\u00e9rica. La jornada continu\u00f3 en la Casa de la Cultura de San Basilio de Palenque, en la cual se llev\u00f3 a cabo el conversatorio denominado \u2018Palenque para el mundo\u2019.<\/p>\n<p>La peque\u00f1a Mar\u00eda Alejandra Salgado, quien dio un recital en honor de la raza negra, provoc\u00f3 los suspiros del gobernador Dumek Turbay y del ministro Juan Fernando Cristo.<\/p>\n<p>Tambi\u00e9n estuvo presente el llamado juglar de Gamero, Mag\u00edn D\u00edaz, quien con 95 a\u00f1os de edad, puso de pie al auditorio con la misma voz que ha hecho bailar durante d\u00e9cadas a los bolivarenses.<\/p>\n<p>El gobernador de Bol\u00edvar, Dumek Turbay Paz, ratific\u00f3 su total respaldo hacia la preservaci\u00f3n del valioso legado cultural de Palenque, y recibi\u00f3 de manos de Uriel Cassini un libro que re\u00fane los secretos de la medicina ancestral palanquera, como un homenaje a su labor.<\/p>\n<p>Por su parte, el ministro del Interior, Juan Fernando Cristo, resalt\u00f3 la inclusi\u00f3n de las comunidades negras y su importancia hist\u00f3rica dentro de los acuerdos de paz y dijo que espera que puedan materializarse todos sus aportes durante la implementaci\u00f3n de los mismos en la etapa del posconflicto.<\/p>\n","protected":false},"excerpt":{"rendered":"<p>Los tambores y flautas de la agrupaci\u00f3n aut\u00f3ctona\u00a0Kombilesa Mi,\u00a0que re\u00fane los elementos propios de la riqueza cultural palenquera, recibieron en frente del Cementerio de San Basilio de Palenque al gobernador de Bol\u00edvar, Dumek Turbay Paz, y al ministro del Interior, Juan Fernando Cristo. En el mismo escenario, revestidos del saber ancestral y el respeto que simbolizan sus bastones de mando, tambi\u00e9n estuvo presente la Guardia Cimarrona. El encuentro tuvo lugar en el marco del mes de la Afrocolombianidad, donde el Bol\u00edvar S\u00ed Avanza ha expresado su apoyo y acompa\u00f1amiento hacia&#8230; <\/p>\n","protected":false},"author":3,"featured_media":0,"comment_status":"open","ping_status":"closed","sticky":false,"template":"","format":"standard","meta":{"footnotes":"","_links_to":"","_links_to_target":""},"categories":[80],"tags":[],"class_list":["post-20520","post","type-post","status-publish","format-standard","hentry","category-region"],"_links":{"self":[{"href":"https:\/\/revistazetta.com\/index.php?rest_route=\/wp\/v2\/posts\/20520","targetHints":{"allow":["GET"]}}],"collection":[{"href":"https:\/\/revistazetta.com\/index.php?rest_route=\/wp\/v2\/posts"}],"about":[{"href":"https:\/\/revistazetta.com\/index.php?rest_route=\/wp\/v2\/types\/post"}],"author":[{"embeddable":true,"href":"https:\/\/revistazetta.com\/index.php?rest_route=\/wp\/v2\/users\/3"}],"replies":[{"embeddable":true,"href":"https:\/\/revistazetta.com\/index.php?rest_route=%2Fwp%2Fv2%2Fcomments&post=20520"}],"version-history":[{"count":0,"href":"https:\/\/revistazetta.com\/index.php?rest_route=\/wp\/v2\/posts\/20520\/revisions"}],"wp:attachment":[{"href":"https:\/\/revistazetta.com\/index.php?rest_route=%2Fwp%2Fv2%2Fmedia&parent=20520"}],"wp:term":[{"taxonomy":"category","embeddable":true,"href":"https:\/\/revistazetta.com\/index.php?rest_route=%2Fwp%2Fv2%2Fcategories&post=20520"},{"taxonomy":"post_tag","embeddable":true,"href":"https:\/\/revistazetta.com\/index.php?rest_route=%2Fwp%2Fv2%2Ftags&post=20520"}],"curies":[{"name":"wp","href":"https:\/\/api.w.org\/{rel}","templated":true}]}}